{"id":161138,"date":"2020-11-29T17:17:07","date_gmt":"2020-11-29T15:17:07","guid":{"rendered":"http:\/\/107.6.182.27\/es\/?p=161138"},"modified":"2023-01-10T15:14:40","modified_gmt":"2023-01-10T13:14:40","slug":"palmira-prepara-infraestructura-para-el-retorno-de-sus-industriales","status":"publish","type":"post","link":"https:\/\/archive.sana.sy\/es\/?p=161138","title":{"rendered":"Palmira prepara infraestructura para el retorno de sus industriales"},"content":{"rendered":"<p><span style=\"color: #800000;\"><strong>Palmira, SANA<\/strong><\/span><\/p>\n<p>Los equipos de t\u00e9cnicos y trabajadores de la Empresa Estatal de Electricidad de la provincia de Homs finalizaron las obras de instalaci\u00f3n y operaci\u00f3n de un centro de transformaci\u00f3n el\u00e9ctrica en la zona industrial de la ciudad de Palmira, liberada en 2016 de los terroristas del Daesh.<\/p>\n<p>El jefe del Departamento de Electricidad de Palmira, Riad Hafez, declar\u00f3 a SANA que la capacidad de la nueva planta asciende a 630 KV, y alimentar\u00eda las plantas industriales, especialmente las de sal y piedra palmirense despu\u00e9s de ser rehabilitadas de los da\u00f1os que sufrieron a consecuencia del terrorismo.<\/p>\n<p>Indic\u00f3 que esa medida incentiva el regreso de m\u00e1s industriales a Palmira.<\/p>\n<p><strong><span style=\"color: #0000ff;\">fm\/ed<\/span><\/strong><\/p>\n<div id='gallery-1' class='gallery galleryid-161138 gallery-columns-2 gallery-size-medium'><figure class='gallery-item'>\n\t\t\t<div class='gallery-icon landscape'>\n\t\t\t\t<a href='https:\/\/archive.sana.sy\/es\/wp-content\/uploads\/2020\/11\/32-43.jpg'><img loading=\"lazy\" decoding=\"async\" width=\"300\" height=\"150\" src=\"https:\/\/archive.sana.sy\/es\/wp-content\/uploads\/2020\/11\/32-43-300x150.jpg\" class=\"attachment-medium size-medium\" alt=\"\" srcset=\"https:\/\/archive.sana.sy\/es\/wp-content\/uploads\/2020\/11\/32-43-300x150.jpg 300w, https:\/\/archive.sana.sy\/es\/wp-content\/uploads\/2020\/11\/32-43-150x75.jpg 150w, https:\/\/archive.sana.sy\/es\/wp-content\/uploads\/2020\/11\/32-43.jpg 660w\" sizes=\"(max-width: 300px) 100vw, 300px\" \/><\/a>\n\t\t\t<\/div><\/figure><figure class='gallery-item'>\n\t\t\t<div class='gallery-icon landscape'>\n\t\t\t\t<a href='https:\/\/archive.sana.sy\/es\/wp-content\/uploads\/2020\/11\/33-45.jpg'><img loading=\"lazy\" decoding=\"async\" width=\"300\" height=\"154\" src=\"https:\/\/archive.sana.sy\/es\/wp-content\/uploads\/2020\/11\/33-45-300x154.jpg\" class=\"attachment-medium size-medium\" alt=\"\" srcset=\"https:\/\/archive.sana.sy\/es\/wp-content\/uploads\/2020\/11\/33-45-300x154.jpg 300w, https:\/\/archive.sana.sy\/es\/wp-content\/uploads\/2020\/11\/33-45-150x77.jpg 150w, https:\/\/archive.sana.sy\/es\/wp-content\/uploads\/2020\/11\/33-45.jpg 660w\" sizes=\"(max-width: 300px) 100vw, 300px\" \/><\/a>\n\t\t\t<\/div><\/figure>\n\t\t<\/div>\n\n","protected":false},"excerpt":{"rendered":"<p>Palmira, SANA Los equipos de t\u00e9cnicos y trabajadores de la Empresa Estatal de Electricidad de la provincia de Homs finalizaron las obras de instalaci\u00f3n y operaci\u00f3n de un centro de transformaci\u00f3n el\u00e9ctrica en la zona industrial de la ciudad de Palmira, liberada en 2016 de los terroristas del Daesh. El jefe del Departamento de Electricidad &hellip;<\/p>\n","protected":false},"author":32,"featured_media":161139,"comment_status":"closed","ping_status":"closed","sticky":false,"template":"","format":"standard","meta":{"footnotes":""},"categories":[597,485,476,7541],"tags":[],"class_list":["post-161138","post","type-post","status-publish","format-standard","has-post-thumbnail","","category-cinta-de-noticias","category-informes-negocios-y-finanzas","category-locales","category-ultimas-noticias"],"_links":{"self":[{"href":"https:\/\/archive.sana.sy\/es\/index.php?rest_route=\/wp\/v2\/posts\/161138"}],"collection":[{"href":"https:\/\/archive.sana.sy\/es\/index.php?rest_route=\/wp\/v2\/posts"}],"about":[{"href":"https:\/\/archive.sana.sy\/es\/index.php?rest_route=\/wp\/v2\/types\/post"}],"author":[{"embeddable":true,"href":"https:\/\/archive.sana.sy\/es\/index.php?rest_route=\/wp\/v2\/users\/32"}],"replies":[{"embeddable":true,"href":"https:\/\/archive.sana.sy\/es\/index.php?rest_route=%2Fwp%2Fv2%2Fcomments&post=161138"}],"version-history":[{"count":0,"href":"https:\/\/archive.sana.sy\/es\/index.php?rest_route=\/wp\/v2\/posts\/161138\/revisions"}],"wp:featuredmedia":[{"embeddable":true,"href":"https:\/\/archive.sana.sy\/es\/index.php?rest_route=\/wp\/v2\/media\/161139"}],"wp:attachment":[{"href":"https:\/\/archive.sana.sy\/es\/index.php?rest_route=%2Fwp%2Fv2%2Fmedia&parent=161138"}],"wp:term":[{"taxonomy":"category","embeddable":true,"href":"https:\/\/archive.sana.sy\/es\/index.php?rest_route=%2Fwp%2Fv2%2Fcategories&post=161138"},{"taxonomy":"post_tag","embeddable":true,"href":"https:\/\/archive.sana.sy\/es\/index.php?rest_route=%2Fwp%2Fv2%2Ftags&post=161138"}],"curies":[{"name":"wp","href":"https:\/\/api.w.org\/{rel}","templated":true}]}}