{"id":16114,"date":"2015-01-16T22:19:20","date_gmt":"2015-01-16T20:19:20","guid":{"rendered":"http:\/\/www.sana.sy\/es\/?p=16114"},"modified":"2015-01-17T13:44:18","modified_gmt":"2015-01-17T11:44:18","slug":"markvart-la-entrevista-del-presidente-al-assad-recibe-un-amplio-interes-checo","status":"publish","type":"post","link":"https:\/\/archive.sana.sy\/es\/?p=16114","title":{"rendered":"Markvart: La entrevista del presidente Al-Assad recibe un amplio inter\u00e9s checo"},"content":{"rendered":"<p style=\"text-align: justify\"><span style=\"color: #800000\">Praga, SANA<\/span><\/p>\n<p style=\"text-align: justify\">El miembro del comit\u00e9 de di\u00e1logo entre las religiones en la Rep\u00fablica Checa, Peter Markvart, llam\u00f3 a ejercer m\u00e1s presi\u00f3n sobre la pol\u00edtica y los organismos europeos para la terminaci\u00f3n inmediata de las sanciones injustamente impuesta a Siria.<\/p>\n<p style=\"text-align: justify\">En una declaraci\u00f3n al corresponsal de SANA en Praga, Markvart, expres\u00f3 que espera que el pueblo sirio, el ej\u00e9rcito y el liderazgo logren m\u00e1s victorias en el transcurso de poner fin a los actos terroristas en Siria y en cuanto al proceso de reconstrucci\u00f3n.<\/p>\n<p style=\"text-align: justify\">Asimismo se\u00f1al\u00f3 que la reciente entrevista del presidente Bashar al-Assad con el diario checo \u201cLiterarni Noviny\u201d ha recibido un amplio inter\u00e9s en toda la Rep\u00fablica Checa.<\/p>\n<p style=\"text-align: justify\">Markvart dijo que lo que le llam\u00f3 la atenci\u00f3n en la entrevista fue el optimismo que el presidente al-Assad mostr\u00f3 en lo que respecta a la reconstrucci\u00f3n de las instalaciones que fueron da\u00f1ados a mano del terrorismo en el pa\u00eds.<\/p>\n<p style=\"text-align: justify\"><span style=\"color: #0000ff\">Ghifar Al Ali<\/span><\/p>\n","protected":false},"excerpt":{"rendered":"<p>Praga, SANA El miembro del comit\u00e9 de di\u00e1logo entre las religiones en la Rep\u00fablica Checa, Peter Markvart, llam\u00f3 a ejercer m\u00e1s presi\u00f3n sobre la pol\u00edtica y los organismos europeos para la terminaci\u00f3n inmediata de las sanciones injustamente impuesta a Siria. En una declaraci\u00f3n al corresponsal de SANA en Praga, Markvart, expres\u00f3 que espera que el &hellip;<\/p>\n","protected":false},"author":1,"featured_media":16115,"comment_status":"closed","ping_status":"closed","sticky":false,"template":"","format":"standard","meta":{"footnotes":""},"categories":[1],"tags":[3644],"class_list":["post-16114","post","type-post","status-publish","format-standard","has-post-thumbnail","","category-news-not-sorted","tag-markvart-la-entrevista-del-presidente-al-assad-recibe-un-amplio-interes-checo"],"_links":{"self":[{"href":"https:\/\/archive.sana.sy\/es\/index.php?rest_route=\/wp\/v2\/posts\/16114"}],"collection":[{"href":"https:\/\/archive.sana.sy\/es\/index.php?rest_route=\/wp\/v2\/posts"}],"about":[{"href":"https:\/\/archive.sana.sy\/es\/index.php?rest_route=\/wp\/v2\/types\/post"}],"author":[{"embeddable":true,"href":"https:\/\/archive.sana.sy\/es\/index.php?rest_route=\/wp\/v2\/users\/1"}],"replies":[{"embeddable":true,"href":"https:\/\/archive.sana.sy\/es\/index.php?rest_route=%2Fwp%2Fv2%2Fcomments&post=16114"}],"version-history":[{"count":0,"href":"https:\/\/archive.sana.sy\/es\/index.php?rest_route=\/wp\/v2\/posts\/16114\/revisions"}],"wp:featuredmedia":[{"embeddable":true,"href":"https:\/\/archive.sana.sy\/es\/index.php?rest_route=\/wp\/v2\/media\/16115"}],"wp:attachment":[{"href":"https:\/\/archive.sana.sy\/es\/index.php?rest_route=%2Fwp%2Fv2%2Fmedia&parent=16114"}],"wp:term":[{"taxonomy":"category","embeddable":true,"href":"https:\/\/archive.sana.sy\/es\/index.php?rest_route=%2Fwp%2Fv2%2Fcategories&post=16114"},{"taxonomy":"post_tag","embeddable":true,"href":"https:\/\/archive.sana.sy\/es\/index.php?rest_route=%2Fwp%2Fv2%2Ftags&post=16114"}],"curies":[{"name":"wp","href":"https:\/\/api.w.org\/{rel}","templated":true}]}}