{"id":161294,"date":"2020-11-30T16:27:23","date_gmt":"2020-11-30T14:27:23","guid":{"rendered":"http:\/\/107.6.182.27\/es\/?p=161294"},"modified":"2020-11-30T22:16:25","modified_gmt":"2020-11-30T20:16:25","slug":"reportan-un-sismo-de-4-1-grados-en-provincia-central-siria-de-hama","status":"publish","type":"post","link":"https:\/\/archive.sana.sy\/es\/?p=161294","title":{"rendered":"Reportan un sismo de 4.1 grados en provincia central siria de Hama"},"content":{"rendered":"<p style=\"text-align: justify;\"><strong><span style=\"color: #800000;\">Damasco, SANA<\/span><\/strong><\/p>\n<p style=\"text-align: justify;\">Un sismo de 4.1 grados en la escala de Richter se sinti\u00f3 en las provincias sirias de Hama, Tartous y Homs.<\/p>\n<p style=\"text-align: justify;\">El Centro Nacional de Monitoreo S\u00edsmico inform\u00f3 que el sismo ocurri\u00f3 a 30 kil\u00f3metros al norte de la ciudad de Hama, cabecera de la provincia hom\u00f3nima y fue a una profundidad de 5 km.<\/p>\n<p style=\"text-align: justify;\">El s\u00e1bado \u00faltimo, se registr\u00f3 un sismo de 4.1 grados en la escala de Richter con centro a 51 km al noreste de la ciudad de Damasco.<\/p>\n<p style=\"text-align: justify;\">Otro terremoto fue reportado el viernes \u00faltimo un sismo de 4.3 grados al noreste de Damasco.<\/p>\n<p style=\"text-align: justify;\"><strong><span style=\"color: #0000ff;\">fm\/ed<\/span><\/strong><\/p>\n","protected":false},"excerpt":{"rendered":"<p>Damasco, SANA Un sismo de 4.1 grados en la escala de Richter se sinti\u00f3 en las provincias sirias de Hama, Tartous y Homs. El Centro Nacional de Monitoreo S\u00edsmico inform\u00f3 que el sismo ocurri\u00f3 a 30 kil\u00f3metros al norte de la ciudad de Hama, cabecera de la provincia hom\u00f3nima y fue a una profundidad de &hellip;<\/p>\n","protected":false},"author":32,"featured_media":161295,"comment_status":"closed","ping_status":"closed","sticky":false,"template":"","format":"standard","meta":{"footnotes":""},"categories":[447,597,476,7541],"tags":[],"class_list":["post-161294","post","type-post","status-publish","format-standard","has-post-thumbnail","","category-local-politica","category-cinta-de-noticias","category-locales","category-ultimas-noticias"],"_links":{"self":[{"href":"https:\/\/archive.sana.sy\/es\/index.php?rest_route=\/wp\/v2\/posts\/161294"}],"collection":[{"href":"https:\/\/archive.sana.sy\/es\/index.php?rest_route=\/wp\/v2\/posts"}],"about":[{"href":"https:\/\/archive.sana.sy\/es\/index.php?rest_route=\/wp\/v2\/types\/post"}],"author":[{"embeddable":true,"href":"https:\/\/archive.sana.sy\/es\/index.php?rest_route=\/wp\/v2\/users\/32"}],"replies":[{"embeddable":true,"href":"https:\/\/archive.sana.sy\/es\/index.php?rest_route=%2Fwp%2Fv2%2Fcomments&post=161294"}],"version-history":[{"count":0,"href":"https:\/\/archive.sana.sy\/es\/index.php?rest_route=\/wp\/v2\/posts\/161294\/revisions"}],"wp:featuredmedia":[{"embeddable":true,"href":"https:\/\/archive.sana.sy\/es\/index.php?rest_route=\/wp\/v2\/media\/161295"}],"wp:attachment":[{"href":"https:\/\/archive.sana.sy\/es\/index.php?rest_route=%2Fwp%2Fv2%2Fmedia&parent=161294"}],"wp:term":[{"taxonomy":"category","embeddable":true,"href":"https:\/\/archive.sana.sy\/es\/index.php?rest_route=%2Fwp%2Fv2%2Fcategories&post=161294"},{"taxonomy":"post_tag","embeddable":true,"href":"https:\/\/archive.sana.sy\/es\/index.php?rest_route=%2Fwp%2Fv2%2Ftags&post=161294"}],"curies":[{"name":"wp","href":"https:\/\/api.w.org\/{rel}","templated":true}]}}