{"id":161329,"date":"2020-11-30T22:10:47","date_gmt":"2020-11-30T20:10:47","guid":{"rendered":"http:\/\/107.6.182.27\/es\/?p=161329"},"modified":"2020-11-30T22:10:47","modified_gmt":"2020-11-30T20:10:47","slug":"siria-ratifica-apoyo-a-derecho-del-pueblo-palestino-en-la-autodeterminacion","status":"publish","type":"post","link":"https:\/\/archive.sana.sy\/es\/?p=161329","title":{"rendered":"Siria ratifica apoyo a derecho del pueblo palestino en la autodeterminaci\u00f3n"},"content":{"rendered":"<p><span style=\"color: #800000;\">Damasco, SANA <\/span><\/p>\n<p style=\"text-align: justify;\">Con motivo del D\u00eda Internacional de Solidaridad con el Pueblo Palestino, el ministro de Exteriores y Expatriados, Faisal Mekdad, reafirm\u00f3 la invariable postura de Siria en apoyo al derecho del pueblo palestino en la autodeterminaci\u00f3n y el establecimiento de su Estado independiente sobre todo su territorio nacional, con Jerusal\u00e9n de capital.<\/p>\n<p style=\"text-align: justify;\">\u201cSiria reitera su posici\u00f3n de apoyo al retorno de los refugiados a sus hogares, de conformidad con la Resoluci\u00f3n n\u00ba 194 de 1948 de la Asamblea General\u201d, expres\u00f3 el canciller sirio en una carta dirigida al presidente de la Comisi\u00f3n del Ejercicio del Pueblo Palestino de sus Inalienables Derechos, el embajador Cheikh Niang.<\/p>\n<p style=\"text-align: justify;\">Resalt\u00f3 la importancia de la celebraci\u00f3n por el D\u00eda de Palestina este a\u00f1o teniendo en cuenta los graves sucesos que amenazan la causa palestina, especialmente con el apoyo sin precedentes de EE.UU. al \u201cTratado del Siglo\u201d, que acelera los planes israel\u00edes y su anexi\u00f3n ilegal de Jerusal\u00e9n Oriental, el Gol\u00e1n sirio ocupado y gran parte de Cisjordania, en una flagrante violaci\u00f3n del Derecho Internacional, la Carta de las Naciones Unidas y el Derecho Humanitario Internacional.<\/p>\n<p style=\"text-align: justify;\">El jefe de la diplomacia siria exhort\u00f3 a los Estados miembros de las Naciones Unidas a que tomen medidas concretas para enfrentar la violaci\u00f3n del ocupante israel\u00ed y que el mismo rinda cuentas por sus violaciones sistem\u00e1ticas, adem\u00e1s de poner fin al injusto asedio impuesto al pueblo palestino en Gaza.<\/p>\n<p><span style=\"color: #0000ff;\">rr\/fm<\/span><\/p>\n","protected":false},"excerpt":{"rendered":"<p>Damasco, SANA Con motivo del D\u00eda Internacional de Solidaridad con el Pueblo Palestino, el ministro de Exteriores y Expatriados, Faisal Mekdad, reafirm\u00f3 la invariable postura de Siria en apoyo al derecho del pueblo palestino en la autodeterminaci\u00f3n y el establecimiento de su Estado independiente sobre todo su territorio nacional, con Jerusal\u00e9n de capital. \u201cSiria reitera &hellip;<\/p>\n","protected":false},"author":31,"featured_media":161330,"comment_status":"closed","ping_status":"closed","sticky":false,"template":"","format":"standard","meta":{"footnotes":""},"categories":[597,467],"tags":[],"class_list":["post-161329","post","type-post","status-publish","format-standard","has-post-thumbnail","","category-cinta-de-noticias","category-siria-y-el-mundo"],"_links":{"self":[{"href":"https:\/\/archive.sana.sy\/es\/index.php?rest_route=\/wp\/v2\/posts\/161329"}],"collection":[{"href":"https:\/\/archive.sana.sy\/es\/index.php?rest_route=\/wp\/v2\/posts"}],"about":[{"href":"https:\/\/archive.sana.sy\/es\/index.php?rest_route=\/wp\/v2\/types\/post"}],"author":[{"embeddable":true,"href":"https:\/\/archive.sana.sy\/es\/index.php?rest_route=\/wp\/v2\/users\/31"}],"replies":[{"embeddable":true,"href":"https:\/\/archive.sana.sy\/es\/index.php?rest_route=%2Fwp%2Fv2%2Fcomments&post=161329"}],"version-history":[{"count":0,"href":"https:\/\/archive.sana.sy\/es\/index.php?rest_route=\/wp\/v2\/posts\/161329\/revisions"}],"wp:featuredmedia":[{"embeddable":true,"href":"https:\/\/archive.sana.sy\/es\/index.php?rest_route=\/wp\/v2\/media\/161330"}],"wp:attachment":[{"href":"https:\/\/archive.sana.sy\/es\/index.php?rest_route=%2Fwp%2Fv2%2Fmedia&parent=161329"}],"wp:term":[{"taxonomy":"category","embeddable":true,"href":"https:\/\/archive.sana.sy\/es\/index.php?rest_route=%2Fwp%2Fv2%2Fcategories&post=161329"},{"taxonomy":"post_tag","embeddable":true,"href":"https:\/\/archive.sana.sy\/es\/index.php?rest_route=%2Fwp%2Fv2%2Ftags&post=161329"}],"curies":[{"name":"wp","href":"https:\/\/api.w.org\/{rel}","templated":true}]}}