{"id":161340,"date":"2020-12-01T07:11:39","date_gmt":"2020-12-01T05:11:39","guid":{"rendered":"http:\/\/107.6.182.27\/es\/?p=161340"},"modified":"2023-01-10T14:31:06","modified_gmt":"2023-01-10T12:31:06","slug":"minas-remanentes-de-terroristas-siguen-cobrando-vidas-de-inocentes-civiles-en-siria","status":"publish","type":"post","link":"https:\/\/archive.sana.sy\/es\/?p=161340","title":{"rendered":"Minas remanentes de terroristas siguen cobrando vidas de inocentes civiles en Siria"},"content":{"rendered":"<p style=\"text-align: justify;\"><strong><span style=\"color: #800000;\">Idleb, SANA<\/span><\/strong><\/p>\n<p style=\"text-align: justify;\">Las minas dejada por las organizaciones terroristas dejan diariamente muertos y heridos entre los inocentes civiles.<\/p>\n<p style=\"text-align: justify;\">En el sur de la provincia de Idleb, un civil result\u00f3 herido al estallarse una mina remanente de la organizaci\u00f3n terrorista \u201cFrente al-Nousra\u201d en la localidad de al-Tah, inform\u00f3 una fuente policial.<\/p>\n<p style=\"text-align: justify;\">\u201cEl civil fue hospitalizado para recibir el tratamiento necesario\u201d, detall\u00f3.<\/p>\n<p style=\"text-align: justify;\">Las agrupaciones radicales colocaron minas y cargas explosivas en las casas y tierras agr\u00edcolas antes de su retirada de las zonas que ocupaban ante el avance del ej\u00e9rcito \u00e1rabe sirio; su objetivo es impedir que los civiles vuelvan a sus hogares en las zonas liberadas.<\/p>\n<p style=\"text-align: justify;\"><em><span style=\"color: #0000ff;\"><strong>rr\/fm<\/strong><\/span><\/em><\/p>\n<p style=\"text-align: justify;\">\n","protected":false},"excerpt":{"rendered":"<p>Idleb, SANA Las minas dejada por las organizaciones terroristas dejan diariamente muertos y heridos entre los inocentes civiles. En el sur de la provincia de Idleb, un civil result\u00f3 herido al estallarse una mina remanente de la organizaci\u00f3n terrorista \u201cFrente al-Nousra\u201d en la localidad de al-Tah, inform\u00f3 una fuente policial. \u201cEl civil fue hospitalizado para &hellip;<\/p>\n","protected":false},"author":34,"featured_media":160934,"comment_status":"closed","ping_status":"closed","sticky":false,"template":"","format":"standard","meta":{"footnotes":""},"categories":[447,597,573,476,457,7541],"tags":[],"class_list":["post-161340","post","type-post","status-publish","format-standard","has-post-thumbnail","","category-local-politica","category-cinta-de-noticias","category-la-realidad-de-los-acontecimientos-en-siria","category-locales","category-noticias-arabe-internacional-politica","category-ultimas-noticias"],"_links":{"self":[{"href":"https:\/\/archive.sana.sy\/es\/index.php?rest_route=\/wp\/v2\/posts\/161340"}],"collection":[{"href":"https:\/\/archive.sana.sy\/es\/index.php?rest_route=\/wp\/v2\/posts"}],"about":[{"href":"https:\/\/archive.sana.sy\/es\/index.php?rest_route=\/wp\/v2\/types\/post"}],"author":[{"embeddable":true,"href":"https:\/\/archive.sana.sy\/es\/index.php?rest_route=\/wp\/v2\/users\/34"}],"replies":[{"embeddable":true,"href":"https:\/\/archive.sana.sy\/es\/index.php?rest_route=%2Fwp%2Fv2%2Fcomments&post=161340"}],"version-history":[{"count":0,"href":"https:\/\/archive.sana.sy\/es\/index.php?rest_route=\/wp\/v2\/posts\/161340\/revisions"}],"wp:featuredmedia":[{"embeddable":true,"href":"https:\/\/archive.sana.sy\/es\/index.php?rest_route=\/wp\/v2\/media\/160934"}],"wp:attachment":[{"href":"https:\/\/archive.sana.sy\/es\/index.php?rest_route=%2Fwp%2Fv2%2Fmedia&parent=161340"}],"wp:term":[{"taxonomy":"category","embeddable":true,"href":"https:\/\/archive.sana.sy\/es\/index.php?rest_route=%2Fwp%2Fv2%2Fcategories&post=161340"},{"taxonomy":"post_tag","embeddable":true,"href":"https:\/\/archive.sana.sy\/es\/index.php?rest_route=%2Fwp%2Fv2%2Ftags&post=161340"}],"curies":[{"name":"wp","href":"https:\/\/api.w.org\/{rel}","templated":true}]}}