{"id":161374,"date":"2020-12-01T15:28:35","date_gmt":"2020-12-01T13:28:35","guid":{"rendered":"http:\/\/107.6.182.27\/es\/?p=161374"},"modified":"2020-12-01T15:28:46","modified_gmt":"2020-12-01T13:28:46","slug":"continuan-en-ginebra-las-reuniones-de-la-cuarta-ronda-del-subcomite-de-debate-de-la-constitucion","status":"publish","type":"post","link":"https:\/\/archive.sana.sy\/es\/?p=161374","title":{"rendered":"Contin\u00faan en Ginebra las reuniones de la cuarta ronda del Subcomit\u00e9 de Debate de la Constituci\u00f3n"},"content":{"rendered":"<p style=\"text-align: justify;\"><span style=\"color: #800000;\"><strong>Ginebra, SANA<\/strong><\/span><\/p>\n<p style=\"text-align: justify;\">Contin\u00faan las reuniones de la cuarta ronda del Subcomit\u00e9 de Debate de Constituci\u00f3n, en la sede de las Naciones Unidas en Ginebra.<\/p>\n<p style=\"text-align: justify;\">Durante el primer d\u00eda de la cuarta ronda de reuniones del Subcomit\u00e9 de Debate de la Constituci\u00f3n en Ginebra, la delegaci\u00f3n nacional que representa al gobierno sirio pidi\u00f3 que se adopte el tema del retorno de los refugiados como un principio nacional por su importancia en varios niveles, particularmente en lo humanitario.<\/p>\n<p style=\"text-align: justify;\">Las intervenciones de los miembros de la delegaci\u00f3n se centraron en la importancia de que algunos pa\u00edses dejen de politizar ese expediente y lo utilicen para conseguir intereses pol\u00edticos y econ\u00f3micos a costa del continuo sufrimiento de los desplazados sirios y sus malas condiciones de vida.<\/p>\n<p style=\"text-align: justify;\">Las reuniones de la cuarta ronda del Subcomit\u00e9 emanado del Comit\u00e9 de Debate de Constituci\u00f3n hab\u00edan comenzado el lunes, en la sede de las Naciones Unidas en Ginebra.<\/p>\n<p style=\"text-align: justify;\">La tercera ronda de reuniones del Subcomit\u00e9 se celebr\u00f3 a finales de agosto pasado, y su agenda se titulaba: \u201clos principios nacionales b\u00e1sicos\u201d.<\/p>\n<p style=\"text-align: justify;\">La primera y segunda rondas se llevaron a cabo en la sede de Naciones Unidas en Ginebra durante el mes de noviembre del a\u00f1o pasado.<\/p>\n<p style=\"text-align: justify;\">El Comit\u00e9 de Debate de la Constituci\u00f3n est\u00e1 formado por 150 miembros (cincuenta representantes del gobierno, otros tantos de la delegaci\u00f3n del r\u00e9gimen turco opositores y un \u00faltimo medio centenar de la sociedad civil).<\/p>\n<p style=\"text-align: justify;\"><span style=\"color: #0000ff;\">fm\/ed<\/span><\/p>\n","protected":false},"excerpt":{"rendered":"<p>Ginebra, SANA Contin\u00faan las reuniones de la cuarta ronda del Subcomit\u00e9 de Debate de Constituci\u00f3n, en la sede de las Naciones Unidas en Ginebra. Durante el primer d\u00eda de la cuarta ronda de reuniones del Subcomit\u00e9 de Debate de la Constituci\u00f3n en Ginebra, la delegaci\u00f3n nacional que representa al gobierno sirio pidi\u00f3 que se adopte &hellip;<\/p>\n","protected":false},"author":32,"featured_media":161375,"comment_status":"closed","ping_status":"closed","sticky":false,"template":"","format":"standard","meta":{"footnotes":""},"categories":[597,467,7541],"tags":[],"class_list":["post-161374","post","type-post","status-publish","format-standard","has-post-thumbnail","","category-cinta-de-noticias","category-siria-y-el-mundo","category-ultimas-noticias"],"_links":{"self":[{"href":"https:\/\/archive.sana.sy\/es\/index.php?rest_route=\/wp\/v2\/posts\/161374"}],"collection":[{"href":"https:\/\/archive.sana.sy\/es\/index.php?rest_route=\/wp\/v2\/posts"}],"about":[{"href":"https:\/\/archive.sana.sy\/es\/index.php?rest_route=\/wp\/v2\/types\/post"}],"author":[{"embeddable":true,"href":"https:\/\/archive.sana.sy\/es\/index.php?rest_route=\/wp\/v2\/users\/32"}],"replies":[{"embeddable":true,"href":"https:\/\/archive.sana.sy\/es\/index.php?rest_route=%2Fwp%2Fv2%2Fcomments&post=161374"}],"version-history":[{"count":0,"href":"https:\/\/archive.sana.sy\/es\/index.php?rest_route=\/wp\/v2\/posts\/161374\/revisions"}],"wp:featuredmedia":[{"embeddable":true,"href":"https:\/\/archive.sana.sy\/es\/index.php?rest_route=\/wp\/v2\/media\/161375"}],"wp:attachment":[{"href":"https:\/\/archive.sana.sy\/es\/index.php?rest_route=%2Fwp%2Fv2%2Fmedia&parent=161374"}],"wp:term":[{"taxonomy":"category","embeddable":true,"href":"https:\/\/archive.sana.sy\/es\/index.php?rest_route=%2Fwp%2Fv2%2Fcategories&post=161374"},{"taxonomy":"post_tag","embeddable":true,"href":"https:\/\/archive.sana.sy\/es\/index.php?rest_route=%2Fwp%2Fv2%2Ftags&post=161374"}],"curies":[{"name":"wp","href":"https:\/\/api.w.org\/{rel}","templated":true}]}}