{"id":161378,"date":"2020-12-01T15:55:07","date_gmt":"2020-12-01T13:55:07","guid":{"rendered":"http:\/\/107.6.182.27\/es\/?p=161378"},"modified":"2020-12-01T15:55:07","modified_gmt":"2020-12-01T13:55:07","slug":"nuevo-bombardeo-del-ocupante-turco-y-sus-mercenarios-contra-tal-tamer-hasakeh","status":"publish","type":"post","link":"https:\/\/archive.sana.sy\/es\/?p=161378","title":{"rendered":"Nuevo bombardeo del ocupante turco y sus mercenarios contra Tal Tamer, Hasakeh"},"content":{"rendered":"<p style=\"text-align: justify;\"><strong><span style=\"color: #800000;\">\u00a0Hasakeh, SANA<\/span><\/strong><\/p>\n<p style=\"text-align: justify;\">Los mercenarios de las fuerzas de ocupaci\u00f3n turcas bombardearon las casas y propiedades de los civiles en las cercan\u00edas de Tal Tamer en la provincia nororiental siria de Hasakeh.<\/p>\n<p style=\"text-align: justify;\">\u201cOrganizaciones terroristas proturcas bombardearon con cohetes las cercan\u00edas de Tal Tamer, ocasionando da\u00f1os en las casas y propiedades de los residentes y en las instalaciones p\u00fablicas, report\u00f3 el corresponsal de SANA.<\/p>\n<p style=\"text-align: justify;\">Esos ataques son frecuentes contra la poblaci\u00f3n civil en las localidades aleda\u00f1as a las zonas ocupadas por el r\u00e9gimen turco y los terroristas que patrocina.<\/p>\n<p style=\"text-align: justify;\"><strong><span style=\"color: #0000ff;\">fm\/ed<\/span><\/strong><\/p>\n","protected":false},"excerpt":{"rendered":"<p>\u00a0Hasakeh, SANA Los mercenarios de las fuerzas de ocupaci\u00f3n turcas bombardearon las casas y propiedades de los civiles en las cercan\u00edas de Tal Tamer en la provincia nororiental siria de Hasakeh. \u201cOrganizaciones terroristas proturcas bombardearon con cohetes las cercan\u00edas de Tal Tamer, ocasionando da\u00f1os en las casas y propiedades de los residentes y en las &hellip;<\/p>\n","protected":false},"author":32,"featured_media":161379,"comment_status":"closed","ping_status":"closed","sticky":false,"template":"","format":"standard","meta":{"footnotes":""},"categories":[597,573,476,7541],"tags":[],"class_list":["post-161378","post","type-post","status-publish","format-standard","has-post-thumbnail","","category-cinta-de-noticias","category-la-realidad-de-los-acontecimientos-en-siria","category-locales","category-ultimas-noticias"],"_links":{"self":[{"href":"https:\/\/archive.sana.sy\/es\/index.php?rest_route=\/wp\/v2\/posts\/161378"}],"collection":[{"href":"https:\/\/archive.sana.sy\/es\/index.php?rest_route=\/wp\/v2\/posts"}],"about":[{"href":"https:\/\/archive.sana.sy\/es\/index.php?rest_route=\/wp\/v2\/types\/post"}],"author":[{"embeddable":true,"href":"https:\/\/archive.sana.sy\/es\/index.php?rest_route=\/wp\/v2\/users\/32"}],"replies":[{"embeddable":true,"href":"https:\/\/archive.sana.sy\/es\/index.php?rest_route=%2Fwp%2Fv2%2Fcomments&post=161378"}],"version-history":[{"count":0,"href":"https:\/\/archive.sana.sy\/es\/index.php?rest_route=\/wp\/v2\/posts\/161378\/revisions"}],"wp:featuredmedia":[{"embeddable":true,"href":"https:\/\/archive.sana.sy\/es\/index.php?rest_route=\/wp\/v2\/media\/161379"}],"wp:attachment":[{"href":"https:\/\/archive.sana.sy\/es\/index.php?rest_route=%2Fwp%2Fv2%2Fmedia&parent=161378"}],"wp:term":[{"taxonomy":"category","embeddable":true,"href":"https:\/\/archive.sana.sy\/es\/index.php?rest_route=%2Fwp%2Fv2%2Fcategories&post=161378"},{"taxonomy":"post_tag","embeddable":true,"href":"https:\/\/archive.sana.sy\/es\/index.php?rest_route=%2Fwp%2Fv2%2Ftags&post=161378"}],"curies":[{"name":"wp","href":"https:\/\/api.w.org\/{rel}","templated":true}]}}