{"id":161383,"date":"2020-12-01T18:14:49","date_gmt":"2020-12-01T16:14:49","guid":{"rendered":"http:\/\/107.6.182.27\/es\/?p=161383"},"modified":"2023-01-12T14:42:35","modified_gmt":"2023-01-12T12:42:35","slug":"embarcaciones-de-guerra-del-enemigo-israeli-las-aguas-territoriales-libanesas","status":"publish","type":"post","link":"https:\/\/archive.sana.sy\/es\/?p=161383","title":{"rendered":"Embarcaciones de guerra del enemigo israel\u00ed las aguas territoriales libanesas"},"content":{"rendered":"<p><span style=\"color: #800000;\">Beirut, SANA<\/span><\/p>\n<p style=\"text-align: justify;\">Buques de guerra israel\u00edes volvieron a violar las aguas territoriales libanesas.<\/p>\n<p style=\"text-align: justify;\">El Comando del Ej\u00e9rcito liban\u00e9s detall\u00f3 en un comunicado citado por la Agencia Nacional de Noticias del L\u00edbano que tres lanchas militares israel\u00edes violaron las aguas territoriales libanesas frente al cabo Naqoura.<\/p>\n<p style=\"text-align: justify;\">Indic\u00f3 que el tema de las violaciones se report\u00f3 a las Fuerzas Provisionales de Naciones Unidas en el L\u00edbano.<\/p>\n<p style=\"text-align: justify;\">El enemigo israel\u00ed sigue violando por tierra, aire y mar la soberan\u00eda del L\u00edbano, infringiendo todas las normas y leyes internacionales, especialmente la resoluci\u00f3n No. 1701.<\/p>\n<p><em>mm<\/em><\/p>\n","protected":false},"excerpt":{"rendered":"<p>Beirut, SANA Buques de guerra israel\u00edes volvieron a violar las aguas territoriales libanesas. El Comando del Ej\u00e9rcito liban\u00e9s detall\u00f3 en un comunicado citado por la Agencia Nacional de Noticias del L\u00edbano que tres lanchas militares israel\u00edes violaron las aguas territoriales libanesas frente al cabo Naqoura. Indic\u00f3 que el tema de las violaciones se report\u00f3 a &hellip;<\/p>\n","protected":false},"author":36,"featured_media":161384,"comment_status":"closed","ping_status":"closed","sticky":false,"template":"","format":"standard","meta":{"footnotes":""},"categories":[597,456,457],"tags":[],"class_list":["post-161383","post","type-post","status-publish","format-standard","has-post-thumbnail","","category-cinta-de-noticias","category-arabe-internacional-politica","category-noticias-arabe-internacional-politica"],"_links":{"self":[{"href":"https:\/\/archive.sana.sy\/es\/index.php?rest_route=\/wp\/v2\/posts\/161383"}],"collection":[{"href":"https:\/\/archive.sana.sy\/es\/index.php?rest_route=\/wp\/v2\/posts"}],"about":[{"href":"https:\/\/archive.sana.sy\/es\/index.php?rest_route=\/wp\/v2\/types\/post"}],"author":[{"embeddable":true,"href":"https:\/\/archive.sana.sy\/es\/index.php?rest_route=\/wp\/v2\/users\/36"}],"replies":[{"embeddable":true,"href":"https:\/\/archive.sana.sy\/es\/index.php?rest_route=%2Fwp%2Fv2%2Fcomments&post=161383"}],"version-history":[{"count":0,"href":"https:\/\/archive.sana.sy\/es\/index.php?rest_route=\/wp\/v2\/posts\/161383\/revisions"}],"wp:featuredmedia":[{"embeddable":true,"href":"https:\/\/archive.sana.sy\/es\/index.php?rest_route=\/wp\/v2\/media\/161384"}],"wp:attachment":[{"href":"https:\/\/archive.sana.sy\/es\/index.php?rest_route=%2Fwp%2Fv2%2Fmedia&parent=161383"}],"wp:term":[{"taxonomy":"category","embeddable":true,"href":"https:\/\/archive.sana.sy\/es\/index.php?rest_route=%2Fwp%2Fv2%2Fcategories&post=161383"},{"taxonomy":"post_tag","embeddable":true,"href":"https:\/\/archive.sana.sy\/es\/index.php?rest_route=%2Fwp%2Fv2%2Ftags&post=161383"}],"curies":[{"name":"wp","href":"https:\/\/api.w.org\/{rel}","templated":true}]}}