{"id":16147,"date":"2015-01-17T13:35:45","date_gmt":"2015-01-17T11:35:45","guid":{"rendered":"http:\/\/www.sana.sy\/es\/?p=16147"},"modified":"2015-01-17T14:01:07","modified_gmt":"2015-01-17T12:01:07","slug":"al-mekdad-los-sirios-tienen-fe-en-la-inevitabilidad-de-la-victoria-sobre-el-terrorismo","status":"publish","type":"post","link":"https:\/\/archive.sana.sy\/es\/?p=16147","title":{"rendered":"Al-Mekdad: los sirios tienen fe en la inevitabilidad de la victoria sobre el terrorismo"},"content":{"rendered":"<p>Beirut, SANA<br \/>\nEl Viceministro de Exteriores y Expatriados, Faisal al-Mekdad, subray\u00f3 que los l\u00edderes de Europa y Estados Unidos deben comprender que \u201cno se puede combatir al terrorismo en Irak y a la vez apoyarlo en Siria, y tambi\u00e9n no se puede luchar contra las organizaciones terroristas mientras estas mismas organizaciones est\u00e1n siendo financiadas por miles de millones de d\u00f3lares por parte de Arabia Saudita\u201d.<\/p>\n<p>En un art\u00edculo que public\u00f3 este s\u00e1bado el peri\u00f3dico liban\u00e9s \u201cal-Binaa\u201d, el vicecanciller sirio dijo que &#8220;Siria saldr\u00e1 con la cabeza en alto de la guerra que se le impuso y que fue alimentada por Israel y sus partidarios saud\u00edes y europeos\u201d, se\u00f1alando que \u201cla guerra de los sirios contra el terrorismo se acelera y los sucesos sobre el terreno prometen una victoria y el amanecer de una nueva esperanza\u201d.<\/p>\n<p>El alto diplom\u00e1tico sirio precis\u00f3 que \u201clos sirios poseen un tesoro inagotable de \u00e9tica, educaci\u00f3n, historia, civilizaci\u00f3n y fuerza moral, y tambi\u00e9n cuentan con gran fe en la inevitabilidad de la victoria sobre el terrorismo y la agresi\u00f3n\u201d.<\/p>\n<p>\u201cLas pol\u00edticas de Arabia Saudita y las dem\u00e1s monarqu\u00edas del Golfo no toman en cuenta los valores humanos sino que surgen del odio y la p\u00e9rdida del dinero para matar a gente inocente\u201d, destac\u00f3 el vicecanciller.<\/p>\n<p>Al-Mekdad concluy\u00f3 su art\u00edculo con afirmar que \u201cLas pol\u00edticas europeas son responsables de lo ocurrido en Par\u00eds y otras capitales europeas, y en Siria, Irak, Libia, y muchos pa\u00edses de Asia y \u00c1frica\u201d.<br \/>\nFady M., Lynn A.<\/p>\n","protected":false},"excerpt":{"rendered":"<p>Beirut, SANA El Viceministro de Exteriores y Expatriados, Faisal al-Mekdad, subray\u00f3 que los l\u00edderes de Europa y Estados Unidos deben comprender que \u201cno se puede combatir al terrorismo en Irak y a la vez apoyarlo en Siria, y tambi\u00e9n no se puede luchar contra las organizaciones terroristas mientras estas mismas organizaciones est\u00e1n siendo financiadas por &hellip;<\/p>\n","protected":false},"author":24,"featured_media":10694,"comment_status":"closed","ping_status":"closed","sticky":false,"template":"","format":"standard","meta":{"footnotes":""},"categories":[555,597,576],"tags":[3659],"class_list":["post-16147","post","type-post","status-publish","format-standard","has-post-thumbnail","","category-prensa","category-cinta-de-noticias","category-noticias-politicas","tag-al-mekdad-los-sirios-tienen-fe-en-la-inevitabilidad-de-la-victoria-sobre-el-terrorismo"],"_links":{"self":[{"href":"https:\/\/archive.sana.sy\/es\/index.php?rest_route=\/wp\/v2\/posts\/16147"}],"collection":[{"href":"https:\/\/archive.sana.sy\/es\/index.php?rest_route=\/wp\/v2\/posts"}],"about":[{"href":"https:\/\/archive.sana.sy\/es\/index.php?rest_route=\/wp\/v2\/types\/post"}],"author":[{"embeddable":true,"href":"https:\/\/archive.sana.sy\/es\/index.php?rest_route=\/wp\/v2\/users\/24"}],"replies":[{"embeddable":true,"href":"https:\/\/archive.sana.sy\/es\/index.php?rest_route=%2Fwp%2Fv2%2Fcomments&post=16147"}],"version-history":[{"count":0,"href":"https:\/\/archive.sana.sy\/es\/index.php?rest_route=\/wp\/v2\/posts\/16147\/revisions"}],"wp:featuredmedia":[{"embeddable":true,"href":"https:\/\/archive.sana.sy\/es\/index.php?rest_route=\/wp\/v2\/media\/10694"}],"wp:attachment":[{"href":"https:\/\/archive.sana.sy\/es\/index.php?rest_route=%2Fwp%2Fv2%2Fmedia&parent=16147"}],"wp:term":[{"taxonomy":"category","embeddable":true,"href":"https:\/\/archive.sana.sy\/es\/index.php?rest_route=%2Fwp%2Fv2%2Fcategories&post=16147"},{"taxonomy":"post_tag","embeddable":true,"href":"https:\/\/archive.sana.sy\/es\/index.php?rest_route=%2Fwp%2Fv2%2Ftags&post=16147"}],"curies":[{"name":"wp","href":"https:\/\/api.w.org\/{rel}","templated":true}]}}