{"id":161529,"date":"2020-12-02T21:31:32","date_gmt":"2020-12-02T19:31:32","guid":{"rendered":"http:\/\/107.6.182.27\/es\/?p=161529"},"modified":"2020-12-02T21:32:59","modified_gmt":"2020-12-02T19:32:59","slug":"reanudan-bombeo-de-agua-desde-la-planta-alouk-despues-de-seis-dias-de-su-interrupcion-por-el-ocupante-turco","status":"publish","type":"post","link":"https:\/\/archive.sana.sy\/es\/?p=161529","title":{"rendered":"Reanudan bombeo de agua desde la planta Alouk despu\u00e9s de seis d\u00edas de su interrupci\u00f3n por el ocupante turco"},"content":{"rendered":"<p><span style=\"color: #800000;\">Hasakeh, SANA<\/span><\/p>\n<p style=\"text-align: justify;\">Se reanud\u00f3 hoy el bombeo de agua potable desde la estaci\u00f3n Alouk despu\u00e9s de seis d\u00edas enteros de la interrupci\u00f3n de su funcionamiento por parte del ocupante turco y sus mercenarios terroristas.<\/p>\n<p style=\"text-align: justify;\">El director de la Empresa Estatal de Agua en Hasakeh, Ing. Mahmoud Okla, explic\u00f3 a SANA que se reanud\u00f3 el bombeo de agua hacia la estaci\u00f3n de Al-Hama, se\u00f1alando que la interrupci\u00f3n durante los \u00faltimos seis d\u00edas fue causada por las agresiones de las fuerzas de ocupaci\u00f3n turcas contra las l\u00edneas el\u00e9ctricas que alimentan la planta Alouk.<\/p>\n<p style=\"text-align: justify;\">El corresponsal de SANA en la provincia de Hasakeh hab\u00eda reportado que las fuerzas de ocupaci\u00f3n turcas y sus terroristas mercenarios cortaron el agua potable de la cabecera provincia y todas las localidades a su alrededor.<\/p>\n<p style=\"text-align: justify;\">La planta de bombeo de agua Alouk es la principal fuente de agua potable para cientos de miles de habitantes de Hasakeh.<\/p>\n<p style=\"text-align: justify;\">La planta Alouk, ubicada al oeste de la ciudad de Ras Al-Ain, es la \u00fanica fuente de agua potable para cerca de un mill\u00f3n de personas en Hasakeh y su funcionamiento fue interrumpido por ataques de la ocupaci\u00f3n turca y sus mercenarios terroristas.<\/p>\n<p><em>mm<\/em><\/p>\n","protected":false},"excerpt":{"rendered":"<p>Hasakeh, SANA Se reanud\u00f3 hoy el bombeo de agua potable desde la estaci\u00f3n Alouk despu\u00e9s de seis d\u00edas enteros de la interrupci\u00f3n de su funcionamiento por parte del ocupante turco y sus mercenarios terroristas. El director de la Empresa Estatal de Agua en Hasakeh, Ing. Mahmoud Okla, explic\u00f3 a SANA que se reanud\u00f3 el bombeo &hellip;<\/p>\n","protected":false},"author":36,"featured_media":161530,"comment_status":"closed","ping_status":"closed","sticky":false,"template":"","format":"standard","meta":{"footnotes":""},"categories":[597,476],"tags":[],"class_list":["post-161529","post","type-post","status-publish","format-standard","has-post-thumbnail","","category-cinta-de-noticias","category-locales"],"_links":{"self":[{"href":"https:\/\/archive.sana.sy\/es\/index.php?rest_route=\/wp\/v2\/posts\/161529"}],"collection":[{"href":"https:\/\/archive.sana.sy\/es\/index.php?rest_route=\/wp\/v2\/posts"}],"about":[{"href":"https:\/\/archive.sana.sy\/es\/index.php?rest_route=\/wp\/v2\/types\/post"}],"author":[{"embeddable":true,"href":"https:\/\/archive.sana.sy\/es\/index.php?rest_route=\/wp\/v2\/users\/36"}],"replies":[{"embeddable":true,"href":"https:\/\/archive.sana.sy\/es\/index.php?rest_route=%2Fwp%2Fv2%2Fcomments&post=161529"}],"version-history":[{"count":0,"href":"https:\/\/archive.sana.sy\/es\/index.php?rest_route=\/wp\/v2\/posts\/161529\/revisions"}],"wp:featuredmedia":[{"embeddable":true,"href":"https:\/\/archive.sana.sy\/es\/index.php?rest_route=\/wp\/v2\/media\/161530"}],"wp:attachment":[{"href":"https:\/\/archive.sana.sy\/es\/index.php?rest_route=%2Fwp%2Fv2%2Fmedia&parent=161529"}],"wp:term":[{"taxonomy":"category","embeddable":true,"href":"https:\/\/archive.sana.sy\/es\/index.php?rest_route=%2Fwp%2Fv2%2Fcategories&post=161529"},{"taxonomy":"post_tag","embeddable":true,"href":"https:\/\/archive.sana.sy\/es\/index.php?rest_route=%2Fwp%2Fv2%2Ftags&post=161529"}],"curies":[{"name":"wp","href":"https:\/\/api.w.org\/{rel}","templated":true}]}}