{"id":161590,"date":"2020-12-03T13:04:10","date_gmt":"2020-12-03T11:04:10","guid":{"rendered":"http:\/\/107.6.182.27\/es\/?p=161590"},"modified":"2020-12-03T13:04:10","modified_gmt":"2020-12-03T11:04:10","slug":"continuan-por-cuarto-dia-las-reuniones-de-la-cuarta-ronda-subcomite-de-debate-de-constitucion","status":"publish","type":"post","link":"https:\/\/archive.sana.sy\/es\/?p=161590","title":{"rendered":"Contin\u00faan por cuarto d\u00eda las reuniones de la cuarta ronda Subcomit\u00e9 de Debate de Constituci\u00f3n"},"content":{"rendered":"<p style=\"text-align: justify;\"><strong><span style=\"color: #800000;\">Ginebra, SANA<\/span><\/strong><\/p>\n<p style=\"text-align: justify;\">Contin\u00faan por cuarto d\u00eda consecutivo las reuniones del cuarto d\u00eda del Subcomit\u00e9 de Debate de Constituci\u00f3n que comenzaron el lunes pasado en la sede de las Naciones Unidas en Ginebra.<\/p>\n<p style=\"text-align: justify;\">El tema humanitario, la necesidad de levantar las medidas coercitivas unilaterales impuestas sobre el pueblo sirio y el retorno de los refugiados sirios a su pa\u00eds fueron los principales temas planteados por la delegaci\u00f3n nacional que representa al gobierno sirio durante los primeros tres d\u00edas de reuniones.<\/p>\n<p style=\"text-align: justify;\">Las reuniones de la cuarta ronda del Subcomit\u00e9 emanado del Comit\u00e9 de Debate de Constituci\u00f3n hab\u00edan comenzado el lunes, en la sede de las Naciones Unidas en Ginebra.<\/p>\n<p style=\"text-align: justify;\">La tercera ronda de reuniones del Subcomit\u00e9 se celebr\u00f3 a finales de agosto pasado, y su agenda se titulaba: \u201clos principios nacionales b\u00e1sicos\u201d.<\/p>\n<p style=\"text-align: justify;\">La primera y segunda rondas se llevaron a cabo en la sede de Naciones Unidas en Ginebra durante el mes de noviembre del a\u00f1o pasado.<\/p>\n<p style=\"text-align: justify;\">El Comit\u00e9 de Debate de la Constituci\u00f3n est\u00e1 formado por 150 miembros (cincuenta representantes del gobierno, otros tantos de la delegaci\u00f3n del r\u00e9gimen turco opositores y un \u00faltimo medio centenar de la sociedad civil).<\/p>\n<p style=\"text-align: justify;\"><strong><span style=\"color: #0000ff;\">fm\/ed<\/span><\/strong><\/p>\n","protected":false},"excerpt":{"rendered":"<p>Ginebra, SANA Contin\u00faan por cuarto d\u00eda consecutivo las reuniones del cuarto d\u00eda del Subcomit\u00e9 de Debate de Constituci\u00f3n que comenzaron el lunes pasado en la sede de las Naciones Unidas en Ginebra. El tema humanitario, la necesidad de levantar las medidas coercitivas unilaterales impuestas sobre el pueblo sirio y el retorno de los refugiados sirios &hellip;<\/p>\n","protected":false},"author":32,"featured_media":161591,"comment_status":"closed","ping_status":"closed","sticky":false,"template":"","format":"standard","meta":{"footnotes":""},"categories":[597,467,7541],"tags":[],"class_list":["post-161590","post","type-post","status-publish","format-standard","has-post-thumbnail","","category-cinta-de-noticias","category-siria-y-el-mundo","category-ultimas-noticias"],"_links":{"self":[{"href":"https:\/\/archive.sana.sy\/es\/index.php?rest_route=\/wp\/v2\/posts\/161590"}],"collection":[{"href":"https:\/\/archive.sana.sy\/es\/index.php?rest_route=\/wp\/v2\/posts"}],"about":[{"href":"https:\/\/archive.sana.sy\/es\/index.php?rest_route=\/wp\/v2\/types\/post"}],"author":[{"embeddable":true,"href":"https:\/\/archive.sana.sy\/es\/index.php?rest_route=\/wp\/v2\/users\/32"}],"replies":[{"embeddable":true,"href":"https:\/\/archive.sana.sy\/es\/index.php?rest_route=%2Fwp%2Fv2%2Fcomments&post=161590"}],"version-history":[{"count":0,"href":"https:\/\/archive.sana.sy\/es\/index.php?rest_route=\/wp\/v2\/posts\/161590\/revisions"}],"wp:featuredmedia":[{"embeddable":true,"href":"https:\/\/archive.sana.sy\/es\/index.php?rest_route=\/wp\/v2\/media\/161591"}],"wp:attachment":[{"href":"https:\/\/archive.sana.sy\/es\/index.php?rest_route=%2Fwp%2Fv2%2Fmedia&parent=161590"}],"wp:term":[{"taxonomy":"category","embeddable":true,"href":"https:\/\/archive.sana.sy\/es\/index.php?rest_route=%2Fwp%2Fv2%2Fcategories&post=161590"},{"taxonomy":"post_tag","embeddable":true,"href":"https:\/\/archive.sana.sy\/es\/index.php?rest_route=%2Fwp%2Fv2%2Ftags&post=161590"}],"curies":[{"name":"wp","href":"https:\/\/api.w.org\/{rel}","templated":true}]}}