{"id":161608,"date":"2020-12-03T15:35:27","date_gmt":"2020-12-03T13:35:27","guid":{"rendered":"http:\/\/107.6.182.27\/es\/?p=161608"},"modified":"2020-12-03T15:35:27","modified_gmt":"2020-12-03T13:35:27","slug":"siria-celebra-el-dia-internacional-de-personas-con-discapacidad-con-un-festival-deportivo","status":"publish","type":"post","link":"https:\/\/archive.sana.sy\/es\/?p=161608","title":{"rendered":"Siria celebra el D\u00eda Internacional de Personas con Discapacidad con un festival deportivo"},"content":{"rendered":"<p style=\"text-align: justify;\"><strong><span style=\"color: #800000;\">Damasco, SANA<\/span><\/strong><\/p>\n<p style=\"text-align: justify;\">Con motivo del D\u00eda Internacional de las Personas con Discapacidad, la Federaci\u00f3n General de Deportes, en cooperaci\u00f3n con el Comit\u00e9 Internacional de la Cruz Roja en Siria, celebr\u00f3 un festival deportivo en la Sala Tishreen, en la capital Damasco.<\/p>\n<p style=\"text-align: justify;\">Decenas de atletas participaron en actuaciones de fuerza f\u00edsica, Zumba, Aer\u00f3bic y Yoga.<\/p>\n<p style=\"text-align: justify;\">En una declaraci\u00f3n a SANA, el vicepresidente de la Federaci\u00f3n General de Deportes, Omar Al-Aroub, destac\u00f3 que la celebraci\u00f3n del D\u00eda Internacional de las Personas con Discapacidad es una tradici\u00f3n bien arraigada para la federaci\u00f3n que presta gran atenci\u00f3n a ese segmento en reconocimiento por el papel que desempe\u00f1a.<\/p>\n<p style=\"text-align: justify;\">A su vez, el presidente del Comit\u00e9 Internacional de la Cruz Roja en Siria, Philip Shabouri, explic\u00f3 la importancia de esta ocasi\u00f3n, ya que el D\u00eda de las Personas con Discapacidad es para todos los deportistas, y el objetivo del festival es enfatizar el papel de este segmento y trabajar para acercar la idea de integrar a las personas con discapacidad a la sociedad.<\/p>\n<p style=\"text-align: justify;\">Al finalizar el festival, comenz\u00f3 el partido inaugural del Campeonato de la Rep\u00fablica en baloncesto en silla de ruedas entre los equipos de Alepo y Homs.<\/p>\n<p style=\"text-align: justify;\"><strong><span style=\"color: #0000ff;\">fm\/ed<\/span><\/strong><\/p>\n<div id='gallery-1' class='gallery galleryid-161608 gallery-columns-1 gallery-size-full'><figure class='gallery-item'>\n\t\t\t<div class='gallery-icon landscape'>\n\t\t\t\t<a href='https:\/\/archive.sana.sy\/es\/wp-content\/uploads\/2020\/12\/2-22.jpg'><img loading=\"lazy\" decoding=\"async\" width=\"660\" height=\"440\" src=\"https:\/\/archive.sana.sy\/es\/wp-content\/uploads\/2020\/12\/2-22.jpg\" class=\"attachment-full size-full\" alt=\"\" srcset=\"https:\/\/archive.sana.sy\/es\/wp-content\/uploads\/2020\/12\/2-22.jpg 660w, https:\/\/archive.sana.sy\/es\/wp-content\/uploads\/2020\/12\/2-22-300x200.jpg 300w, https:\/\/archive.sana.sy\/es\/wp-content\/uploads\/2020\/12\/2-22-150x100.jpg 150w\" sizes=\"(max-width: 660px) 100vw, 660px\" \/><\/a>\n\t\t\t<\/div><\/figure><figure class='gallery-item'>\n\t\t\t<div class='gallery-icon portrait'>\n\t\t\t\t<a href='https:\/\/archive.sana.sy\/es\/wp-content\/uploads\/2020\/12\/3-21.jpg'><img loading=\"lazy\" decoding=\"async\" width=\"440\" height=\"662\" src=\"https:\/\/archive.sana.sy\/es\/wp-content\/uploads\/2020\/12\/3-21.jpg\" class=\"attachment-full size-full\" alt=\"\" srcset=\"https:\/\/archive.sana.sy\/es\/wp-content\/uploads\/2020\/12\/3-21.jpg 440w, https:\/\/archive.sana.sy\/es\/wp-content\/uploads\/2020\/12\/3-21-199x300.jpg 199w, https:\/\/archive.sana.sy\/es\/wp-content\/uploads\/2020\/12\/3-21-100x150.jpg 100w\" sizes=\"(max-width: 440px) 100vw, 440px\" \/><\/a>\n\t\t\t<\/div><\/figure>\n\t\t<\/div>\n\n","protected":false},"excerpt":{"rendered":"<p>Damasco, SANA Con motivo del D\u00eda Internacional de las Personas con Discapacidad, la Federaci\u00f3n General de Deportes, en cooperaci\u00f3n con el Comit\u00e9 Internacional de la Cruz Roja en Siria, celebr\u00f3 un festival deportivo en la Sala Tishreen, en la capital Damasco. Decenas de atletas participaron en actuaciones de fuerza f\u00edsica, Zumba, Aer\u00f3bic y Yoga. En &hellip;<\/p>\n","protected":false},"author":32,"featured_media":161609,"comment_status":"closed","ping_status":"closed","sticky":false,"template":"","format":"standard","meta":{"footnotes":""},"categories":[447,597,494,7541],"tags":[],"class_list":["post-161608","post","type-post","status-publish","format-standard","has-post-thumbnail","","category-local-politica","category-cinta-de-noticias","category-deportes","category-ultimas-noticias"],"_links":{"self":[{"href":"https:\/\/archive.sana.sy\/es\/index.php?rest_route=\/wp\/v2\/posts\/161608"}],"collection":[{"href":"https:\/\/archive.sana.sy\/es\/index.php?rest_route=\/wp\/v2\/posts"}],"about":[{"href":"https:\/\/archive.sana.sy\/es\/index.php?rest_route=\/wp\/v2\/types\/post"}],"author":[{"embeddable":true,"href":"https:\/\/archive.sana.sy\/es\/index.php?rest_route=\/wp\/v2\/users\/32"}],"replies":[{"embeddable":true,"href":"https:\/\/archive.sana.sy\/es\/index.php?rest_route=%2Fwp%2Fv2%2Fcomments&post=161608"}],"version-history":[{"count":0,"href":"https:\/\/archive.sana.sy\/es\/index.php?rest_route=\/wp\/v2\/posts\/161608\/revisions"}],"wp:featuredmedia":[{"embeddable":true,"href":"https:\/\/archive.sana.sy\/es\/index.php?rest_route=\/wp\/v2\/media\/161609"}],"wp:attachment":[{"href":"https:\/\/archive.sana.sy\/es\/index.php?rest_route=%2Fwp%2Fv2%2Fmedia&parent=161608"}],"wp:term":[{"taxonomy":"category","embeddable":true,"href":"https:\/\/archive.sana.sy\/es\/index.php?rest_route=%2Fwp%2Fv2%2Fcategories&post=161608"},{"taxonomy":"post_tag","embeddable":true,"href":"https:\/\/archive.sana.sy\/es\/index.php?rest_route=%2Fwp%2Fv2%2Ftags&post=161608"}],"curies":[{"name":"wp","href":"https:\/\/api.w.org\/{rel}","templated":true}]}}