{"id":161719,"date":"2020-12-04T18:06:48","date_gmt":"2020-12-04T16:06:48","guid":{"rendered":"http:\/\/107.6.182.27\/es\/?p=161719"},"modified":"2023-01-12T14:42:33","modified_gmt":"2023-01-12T12:42:33","slug":"un-yemeni-herido-tras-un-bombardeo-de-la-agresion-saudi-en-saada","status":"publish","type":"post","link":"https:\/\/archive.sana.sy\/es\/?p=161719","title":{"rendered":"Un yemen\u00ed herido tras un bombardeo de la agresi\u00f3n saud\u00ed en Saada"},"content":{"rendered":"<p><span style=\"color: #800000;\">San\u00e1, SANA<\/span><\/p>\n<p style=\"text-align: justify;\">Un ciudadano yemen\u00ed result\u00f3 herido como bombardeo de artiller\u00eda de las fuerzas de agresi\u00f3n sauditas contra el distrito fronterizo de Munabbah, al oeste de la gobernaci\u00f3n de Saada,<\/p>\n<p style=\"text-align: justify;\">El sitio web Al Masirah, cit\u00f3 a una fuente militar diciendo que \u201c Un ataque con proyectiles de artiller\u00eda de la coalici\u00f3n saudita en el \u00e1rea de Al-Raqo en Saada ha dejado a un civil herido\u201d.<\/p>\n<p style=\"text-align: justify;\">La fuente se\u00f1al\u00f3 que la agresi\u00f3n saud\u00ed lanz\u00f3 una redada contra el aeropuerto internacional de San\u00e1, y otras tres incursiones en el distrito de Al-Zahir en la gobernaci\u00f3n de Saada.<\/p>\n<p><em>mm<\/em><\/p>\n","protected":false},"excerpt":{"rendered":"<p>San\u00e1, SANA Un ciudadano yemen\u00ed result\u00f3 herido como bombardeo de artiller\u00eda de las fuerzas de agresi\u00f3n sauditas contra el distrito fronterizo de Munabbah, al oeste de la gobernaci\u00f3n de Saada, El sitio web Al Masirah, cit\u00f3 a una fuente militar diciendo que \u201c Un ataque con proyectiles de artiller\u00eda de la coalici\u00f3n saudita en el &hellip;<\/p>\n","protected":false},"author":36,"featured_media":161720,"comment_status":"closed","ping_status":"closed","sticky":false,"template":"","format":"standard","meta":{"footnotes":""},"categories":[597,456,457],"tags":[],"class_list":["post-161719","post","type-post","status-publish","format-standard","has-post-thumbnail","","category-cinta-de-noticias","category-arabe-internacional-politica","category-noticias-arabe-internacional-politica"],"_links":{"self":[{"href":"https:\/\/archive.sana.sy\/es\/index.php?rest_route=\/wp\/v2\/posts\/161719"}],"collection":[{"href":"https:\/\/archive.sana.sy\/es\/index.php?rest_route=\/wp\/v2\/posts"}],"about":[{"href":"https:\/\/archive.sana.sy\/es\/index.php?rest_route=\/wp\/v2\/types\/post"}],"author":[{"embeddable":true,"href":"https:\/\/archive.sana.sy\/es\/index.php?rest_route=\/wp\/v2\/users\/36"}],"replies":[{"embeddable":true,"href":"https:\/\/archive.sana.sy\/es\/index.php?rest_route=%2Fwp%2Fv2%2Fcomments&post=161719"}],"version-history":[{"count":0,"href":"https:\/\/archive.sana.sy\/es\/index.php?rest_route=\/wp\/v2\/posts\/161719\/revisions"}],"wp:featuredmedia":[{"embeddable":true,"href":"https:\/\/archive.sana.sy\/es\/index.php?rest_route=\/wp\/v2\/media\/161720"}],"wp:attachment":[{"href":"https:\/\/archive.sana.sy\/es\/index.php?rest_route=%2Fwp%2Fv2%2Fmedia&parent=161719"}],"wp:term":[{"taxonomy":"category","embeddable":true,"href":"https:\/\/archive.sana.sy\/es\/index.php?rest_route=%2Fwp%2Fv2%2Fcategories&post=161719"},{"taxonomy":"post_tag","embeddable":true,"href":"https:\/\/archive.sana.sy\/es\/index.php?rest_route=%2Fwp%2Fv2%2Ftags&post=161719"}],"curies":[{"name":"wp","href":"https:\/\/api.w.org\/{rel}","templated":true}]}}