{"id":161943,"date":"2020-12-06T16:21:00","date_gmt":"2020-12-06T14:21:00","guid":{"rendered":"http:\/\/107.6.182.27\/es\/?p=161943"},"modified":"2023-01-10T14:31:02","modified_gmt":"2023-01-10T12:31:02","slug":"bombardeo-turco-con-artilleria-contra-tres-poblados-en-el-norte-de-siria","status":"publish","type":"post","link":"https:\/\/archive.sana.sy\/es\/?p=161943","title":{"rendered":"Bombardeo turco con artiller\u00eda contra tres poblados en el norte de Siria"},"content":{"rendered":"<p style=\"text-align: justify;\"><span style=\"color: #800000;\"><strong>Raqa, SANA<\/strong><\/span><\/p>\n<p style=\"text-align: justify;\">Las fuerzas de ocupaci\u00f3n turcas y sus mercenarios terroristas reanudaron sus bombardeos con artiller\u00eda contra varios poblados pertenecientes al municipio de Ras Al-Ain, en el noroeste de la provincia de Hasakeh.<\/p>\n<p style=\"text-align: justify;\">\u201cDesde sus puntos de observaci\u00f3n, Las tropas turcas bombardearon con morteros y artiller\u00eda los poblados de Um Haramleh, Dad Abdal y Nwehat, en el campo de Hasakeh\u201d, informaron activistas locales al corresponsal de SANA.<\/p>\n<p style=\"text-align: justify;\">Indicaron que los bombardeos provocaron la destrucci\u00f3n de varias viviendas y da\u00f1os en la infraestructura de servicios.<\/p>\n<p style=\"text-align: justify;\">Los bombardeos, seg\u00fan los activistas, provocaron tambi\u00e9n un estado de p\u00e1nico entre los pobladores.<\/p>\n<p style=\"text-align: justify;\">Desde el comienzo de su agresi\u00f3n en octubre del a\u00f1o pasado, las fuerzas turcas atacan con todos tipo de armas las localidades en las provincias sirias de Hasakeh y Raqa, lo que provoc\u00f3 destrucci\u00f3n de casas y el desplazamiento de miles de civiles.<\/p>\n<p style=\"text-align: justify;\">fm<\/p>\n","protected":false},"excerpt":{"rendered":"<p>Raqa, SANA Las fuerzas de ocupaci\u00f3n turcas y sus mercenarios terroristas reanudaron sus bombardeos con artiller\u00eda contra varios poblados pertenecientes al municipio de Ras Al-Ain, en el noroeste de la provincia de Hasakeh. \u201cDesde sus puntos de observaci\u00f3n, Las tropas turcas bombardearon con morteros y artiller\u00eda los poblados de Um Haramleh, Dad Abdal y Nwehat, &hellip;<\/p>\n","protected":false},"author":34,"featured_media":161944,"comment_status":"closed","ping_status":"closed","sticky":false,"template":"","format":"standard","meta":{"footnotes":""},"categories":[447,477,597,573,476,457,7541],"tags":[],"class_list":["post-161943","post","type-post","status-publish","format-standard","has-post-thumbnail","","category-local-politica","category-noticias-edulcorantes","category-cinta-de-noticias","category-la-realidad-de-los-acontecimientos-en-siria","category-locales","category-noticias-arabe-internacional-politica","category-ultimas-noticias"],"_links":{"self":[{"href":"https:\/\/archive.sana.sy\/es\/index.php?rest_route=\/wp\/v2\/posts\/161943"}],"collection":[{"href":"https:\/\/archive.sana.sy\/es\/index.php?rest_route=\/wp\/v2\/posts"}],"about":[{"href":"https:\/\/archive.sana.sy\/es\/index.php?rest_route=\/wp\/v2\/types\/post"}],"author":[{"embeddable":true,"href":"https:\/\/archive.sana.sy\/es\/index.php?rest_route=\/wp\/v2\/users\/34"}],"replies":[{"embeddable":true,"href":"https:\/\/archive.sana.sy\/es\/index.php?rest_route=%2Fwp%2Fv2%2Fcomments&post=161943"}],"version-history":[{"count":0,"href":"https:\/\/archive.sana.sy\/es\/index.php?rest_route=\/wp\/v2\/posts\/161943\/revisions"}],"wp:featuredmedia":[{"embeddable":true,"href":"https:\/\/archive.sana.sy\/es\/index.php?rest_route=\/wp\/v2\/media\/161944"}],"wp:attachment":[{"href":"https:\/\/archive.sana.sy\/es\/index.php?rest_route=%2Fwp%2Fv2%2Fmedia&parent=161943"}],"wp:term":[{"taxonomy":"category","embeddable":true,"href":"https:\/\/archive.sana.sy\/es\/index.php?rest_route=%2Fwp%2Fv2%2Fcategories&post=161943"},{"taxonomy":"post_tag","embeddable":true,"href":"https:\/\/archive.sana.sy\/es\/index.php?rest_route=%2Fwp%2Fv2%2Ftags&post=161943"}],"curies":[{"name":"wp","href":"https:\/\/api.w.org\/{rel}","templated":true}]}}