{"id":161999,"date":"2020-12-07T21:00:06","date_gmt":"2020-12-07T19:00:06","guid":{"rendered":"http:\/\/107.6.182.27\/es\/?p=161999"},"modified":"2020-12-07T22:43:06","modified_gmt":"2020-12-07T20:43:06","slug":"fuerzas-de-ocupacion-israelies-bloquean-entradas-de-los-poblados-en-el-golan-sirio-ocupado-fotos","status":"publish","type":"post","link":"https:\/\/archive.sana.sy\/es\/?p=161999","title":{"rendered":"Fuerzas de ocupaci\u00f3n israel\u00edes bloquean entradas de los poblados en el Gol\u00e1n sirio ocupado (fotos)"},"content":{"rendered":"<p style=\"text-align: justify;\"><strong><span style=\"color: #800000;\">Quneitra, SANA<\/span><\/strong><\/p>\n<p style=\"text-align: justify;\">Las fuerzas de ocupaci\u00f3n israel\u00edes bloquearon hoy, las entradas principales de las localidades en el Gol\u00e1n sirio ocupado e impidieron que los pobladores lleguen a sus tierras agr\u00edcolas sobre las cuales las autoridades de ocupaci\u00f3n quieren construir turbinas e\u00f3licas gigantes.<\/p>\n<p style=\"text-align: justify;\">El corresponsal de SANA inform\u00f3 que los golaneses se congregaron en las carreteras que conducen a sus tierras agr\u00edcolas, en las que las autoridades ocupantes planean construir las turbinas.<\/p>\n<p style=\"text-align: justify;\">El plan incluye la instalaci\u00f3n de 52 turbinas e\u00f3licas gigantes y la confiscaci\u00f3n de unas 80 hect\u00e1reas de tierras del Gol\u00e1n.<\/p>\n<p style=\"text-align: justify;\">El prisionero liberado, Sidqi al-Maqt, afirm\u00f3 que los compatriotas del Gol\u00e1n sirio ocupado seguir\u00e1n defendiendo su tierra, sean cuales sean los sacrificios, y no permitir\u00e1n que la ocupaci\u00f3n israel\u00ed implemente su plan destinado a instalar turbinas e\u00f3licas en sus tierras agr\u00edcolas.<\/p>\n<p style=\"text-align: justify;\">Las fuerzas de ocupaci\u00f3n intensificaron su presencia en el Gol\u00e1n sirio ocupado con el objetivo de apoderarse de las tierras agr\u00edcolas donde quieren implementar su plan de turbinas e\u00f3licas\u201d, dijo al-Maqt.<\/p>\n<p style=\"text-align: justify;\">Destac\u00f3 que los golaneses se congregaron frente a sus tierras como expresi\u00f3n de rechazo a este plan, y que no aceptar\u00e1n ni permitir\u00e1n su implementaci\u00f3n, por m\u00e1s sacrificios que sean, ya que esta tierra es \u00e1rabe siria.<\/p>\n<p style=\"text-align: justify;\">Al-Maqt ratific\u00f3 el apego de los golaneses a la identidad \u00e1rabe siria y la lucha contra la ocupaci\u00f3n hasta la liberaci\u00f3n de todo el Gol\u00e1n ocupado y su regreso a Siria.<\/p>\n<p style=\"text-align: justify;\">Las fuerzas de ocupaci\u00f3n israel\u00edes bloquearon hoy, las entradas principales de las localidades en el Gol\u00e1n sirio ocupado e impidieron que los pobladores lleguen a sus tierras agr\u00edcolas sobre las cuales las autoridades de ocupaci\u00f3n quieren construir turbinas e\u00f3licas gigantes.<\/p>\n<p style=\"text-align: justify;\">El corresponsal de SANA inform\u00f3 que los golaneses se congregaron en las carreteras que conducen a sus tierras agr\u00edcolas, en las que las autoridades ocupantes planean construir las turbinas.<\/p>\n<p style=\"text-align: justify;\">El plan incluye la instalaci\u00f3n de 52 turbinas e\u00f3licas gigantes y la confiscaci\u00f3n de unas 80 hect\u00e1reas de tierras del Gol\u00e1n.<\/p>\n<div id='gallery-1' class='gallery galleryid-161999 gallery-columns-1 gallery-size-full'><figure class='gallery-item'>\n\t\t\t<div class='gallery-icon landscape'>\n\t\t\t\t<a href='https:\/\/archive.sana.sy\/es\/?attachment_id=162001'><img loading=\"lazy\" decoding=\"async\" width=\"660\" height=\"370\" src=\"https:\/\/archive.sana.sy\/es\/wp-content\/uploads\/2020\/12\/\u062c\u0648\u0644\u0627\u0646.jpg\" class=\"attachment-full size-full\" alt=\"\" srcset=\"https:\/\/archive.sana.sy\/es\/wp-content\/uploads\/2020\/12\/\u062c\u0648\u0644\u0627\u0646.jpg 660w, https:\/\/archive.sana.sy\/es\/wp-content\/uploads\/2020\/12\/\u062c\u0648\u0644\u0627\u0646-300x168.jpg 300w, https:\/\/archive.sana.sy\/es\/wp-content\/uploads\/2020\/12\/\u062c\u0648\u0644\u0627\u0646-150x84.jpg 150w\" sizes=\"(max-width: 660px) 100vw, 660px\" \/><\/a>\n\t\t\t<\/div><\/figure><figure class='gallery-item'>\n\t\t\t<div class='gallery-icon landscape'>\n\t\t\t\t<a href='https:\/\/archive.sana.sy\/es\/?attachment_id=162002'><img loading=\"lazy\" decoding=\"async\" width=\"660\" height=\"396\" src=\"https:\/\/archive.sana.sy\/es\/wp-content\/uploads\/2020\/12\/\u062c\u0648\u0644\u0627\u06460.jpg\" class=\"attachment-full size-full\" alt=\"\" srcset=\"https:\/\/archive.sana.sy\/es\/wp-content\/uploads\/2020\/12\/\u062c\u0648\u0644\u0627\u06460.jpg 660w, https:\/\/archive.sana.sy\/es\/wp-content\/uploads\/2020\/12\/\u062c\u0648\u0644\u0627\u06460-300x180.jpg 300w, https:\/\/archive.sana.sy\/es\/wp-content\/uploads\/2020\/12\/\u062c\u0648\u0644\u0627\u06460-150x90.jpg 150w\" sizes=\"(max-width: 660px) 100vw, 660px\" \/><\/a>\n\t\t\t<\/div><\/figure><figure class='gallery-item'>\n\t\t\t<div class='gallery-icon landscape'>\n\t\t\t\t<a href='https:\/\/archive.sana.sy\/es\/?attachment_id=162003'><img loading=\"lazy\" decoding=\"async\" width=\"660\" height=\"428\" src=\"https:\/\/archive.sana.sy\/es\/wp-content\/uploads\/2020\/12\/\u062c\u0648\u0644\u0627\u06461-107.jpg\" class=\"attachment-full size-full\" alt=\"\" srcset=\"https:\/\/archive.sana.sy\/es\/wp-content\/uploads\/2020\/12\/\u062c\u0648\u0644\u0627\u06461-107.jpg 660w, https:\/\/archive.sana.sy\/es\/wp-content\/uploads\/2020\/12\/\u062c\u0648\u0644\u0627\u06461-107-300x195.jpg 300w, https:\/\/archive.sana.sy\/es\/wp-content\/uploads\/2020\/12\/\u062c\u0648\u0644\u0627\u06461-107-150x97.jpg 150w\" sizes=\"(max-width: 660px) 100vw, 660px\" \/><\/a>\n\t\t\t<\/div><\/figure>\n\t\t<\/div>\n\n<p style=\"text-align: justify;\"><span style=\"color: #0000ff;\"><strong>fm\/ws<\/strong><\/span><\/p>\n","protected":false},"excerpt":{"rendered":"<p>Quneitra, SANA Las fuerzas de ocupaci\u00f3n israel\u00edes bloquearon hoy, las entradas principales de las localidades en el Gol\u00e1n sirio ocupado e impidieron que los pobladores lleguen a sus tierras agr\u00edcolas sobre las cuales las autoridades de ocupaci\u00f3n quieren construir turbinas e\u00f3licas gigantes. El corresponsal de SANA inform\u00f3 que los golaneses se congregaron en las carreteras &hellip;<\/p>\n","protected":false},"author":35,"featured_media":162005,"comment_status":"closed","ping_status":"closed","sticky":false,"template":"","format":"standard","meta":{"footnotes":""},"categories":[477,597,573,476,7541],"tags":[],"class_list":["post-161999","post","type-post","status-publish","format-standard","has-post-thumbnail","","category-noticias-edulcorantes","category-cinta-de-noticias","category-la-realidad-de-los-acontecimientos-en-siria","category-locales","category-ultimas-noticias"],"_links":{"self":[{"href":"https:\/\/archive.sana.sy\/es\/index.php?rest_route=\/wp\/v2\/posts\/161999"}],"collection":[{"href":"https:\/\/archive.sana.sy\/es\/index.php?rest_route=\/wp\/v2\/posts"}],"about":[{"href":"https:\/\/archive.sana.sy\/es\/index.php?rest_route=\/wp\/v2\/types\/post"}],"author":[{"embeddable":true,"href":"https:\/\/archive.sana.sy\/es\/index.php?rest_route=\/wp\/v2\/users\/35"}],"replies":[{"embeddable":true,"href":"https:\/\/archive.sana.sy\/es\/index.php?rest_route=%2Fwp%2Fv2%2Fcomments&post=161999"}],"version-history":[{"count":0,"href":"https:\/\/archive.sana.sy\/es\/index.php?rest_route=\/wp\/v2\/posts\/161999\/revisions"}],"wp:featuredmedia":[{"embeddable":true,"href":"https:\/\/archive.sana.sy\/es\/index.php?rest_route=\/wp\/v2\/media\/162005"}],"wp:attachment":[{"href":"https:\/\/archive.sana.sy\/es\/index.php?rest_route=%2Fwp%2Fv2%2Fmedia&parent=161999"}],"wp:term":[{"taxonomy":"category","embeddable":true,"href":"https:\/\/archive.sana.sy\/es\/index.php?rest_route=%2Fwp%2Fv2%2Fcategories&post=161999"},{"taxonomy":"post_tag","embeddable":true,"href":"https:\/\/archive.sana.sy\/es\/index.php?rest_route=%2Fwp%2Fv2%2Ftags&post=161999"}],"curies":[{"name":"wp","href":"https:\/\/api.w.org\/{rel}","templated":true}]}}