{"id":162052,"date":"2020-12-07T22:22:39","date_gmt":"2020-12-07T20:22:39","guid":{"rendered":"http:\/\/107.6.182.27\/es\/?p=162052"},"modified":"2020-12-07T23:24:22","modified_gmt":"2020-12-07T21:24:22","slug":"mikdad-examina-con-altos-funcionarios-iranies-vias-para-promover-relaciones-entre-siria-e-iran","status":"publish","type":"post","link":"https:\/\/archive.sana.sy\/es\/?p=162052","title":{"rendered":"Canciller sirio examina con altos funcionarios iran\u00edes las v\u00edas para promover las relaciones entre Siria e Ir\u00e1n"},"content":{"rendered":"<p style=\"text-align: justify;\"><span style=\"color: #800000;\">Teher\u00e1n, SANA<\/span><\/p>\n<p style=\"text-align: justify;\">El ministro de Exteriores y Expatriados, Faisal Mekdad, y su hom\u00f3logo iran\u00ed, Mohamed Yavad Zarif, abordaron durante una reuni\u00f3n celebrada en la capital Teher\u00e1n, las v\u00edas para promover las relaciones estrat\u00e9gicas entre ambos pa\u00edses, as\u00ed como las perspectivas de cooperaci\u00f3n en la actual etapa, y la evoluci\u00f3n de la situaci\u00f3n en los dos pa\u00edses y la regi\u00f3n.<\/p>\n<p style=\"text-align: justify;\">Mekdad conden\u00f3 la injerencia del r\u00e9gimen turco en los asuntos internos de varios Estados y su continuo apoyo a los grupos terroristas en Siria y otros pa\u00edses.<\/p>\n<p style=\"text-align: justify;\">\u201cLa victoria en esta guerra es para Siria, Ir\u00e1n y los dem\u00e1s pa\u00edses amigos\u201d, enfatiz\u00f3.<\/p>\n<p style=\"text-align: justify;\">El jefe de la diplomacia siria aprovech\u00f3 la oportunidad para ofrecer las condolencias por el martirio del cient\u00edfico iran\u00ed Mohsen Zadah, y dijo que \u201csu p\u00e9rdida representa una p\u00e9rdida para Siria, el mundo y la humanidad y no solo para Ir\u00e1n\u00a8, calificando su asesinato de un \u00a8crimen contra la humanidad\u00a8.<\/p>\n<p style=\"text-align: justify;\">Por su parte, Zarif reafirm\u00f3 la disposici\u00f3n de su pa\u00eds a desarrollar las relaciones entre los dos pa\u00edses en todos los \u00e1mbitos.<br \/>\nAcogi\u00f3 con benepl\u00e1cito la Conferencia Internacional sobre Retorno de Refugiados Sirios que se celebr\u00f3 en Damasco y subray\u00f3 la importancia de continuar la labor conjunta para alcanzar una soluci\u00f3n pol\u00edtica a la crisis de Siria.<\/p>\n<p style=\"text-align: justify;\">Los dos cancilleres resaltaron en la necesidad de seguir haciendo esfuerzos para afrontar el extremismo y el terrorismo.<\/p>\n<p style=\"text-align: justify;\">Igualmente, hicieron hincapi\u00e9 en la necesidad de continuar la coordinaci\u00f3n y cooperaci\u00f3n entre los Estados de la regi\u00f3n de cara a las campa\u00f1as que apuntan contra su estabilidad y futuro.<\/p>\n<p style=\"text-align: justify;\"><strong><span style=\"color: #0000ff;\">Mekdad y Ghalibaf resaltan importancia de la cooperaci\u00f3n parlamentaria<\/span><\/strong><\/p>\n<p style=\"text-align: justify;\">Durante su visita, Mekdad se reuni\u00f3 con Mohammad Bagher Ghalibaf, Presidente de La Asamblea Consultiva Isl\u00e1mica de Ir\u00e1n.<br \/>\nAmbos funcionarios pasaron revista a los \u00faltimos acontecimientos en Siria y la regional y el mundo, y afirmaron que \u201cla cooperaci\u00f3n entre Siria e Ir\u00e1n frustrar\u00e1 todos los planes encaminados a dividir la regi\u00f3n\u201d.<\/p>\n<p style=\"text-align: justify;\">Asimismo, resaltaron la importancia de la cooperaci\u00f3n parlamentaria y la continua consulta y coordinaci\u00f3n entre ambos pa\u00edses, destacando la necesidad de fortalecer las relaciones econ\u00f3mica, comercial y de educaci\u00f3n.<\/p>\n<p style=\"text-align: justify;\"><strong><span style=\"color: #0000ff;\">Velayati durante su reuni\u00f3n con Mekdad: Ir\u00e1n seguir\u00e1 apoyando a Siria y su pueblo en todos los niveles<\/span><\/strong><\/p>\n<p style=\"text-align: justify;\">En el mismo contexto, Mekdad se encontr\u00f3 con Ali Akbar Velayati, Asesor del L\u00edder de la Revoluci\u00f3n Isl\u00e1mica para Asuntos Internacionales.<\/p>\n<p style=\"text-align: justify;\">Durante la reuni\u00f3n, el canciller sirio transmiti\u00f3 los saludos cordiales del presidente Bashar Al-Assad al L\u00edder de la Revoluci\u00f3n Isl\u00e1mica, Ali Jamenei, mientras que Velayati encarg\u00f3 a Mekdad transmitir los saludos de Sayyed Jamenei al presidente Al-Assad.<\/p>\n<p style=\"text-align: justify;\">El canciller sirio se\u00f1al\u00f3 que la cooperaci\u00f3n sirio-iran\u00ed ha contribuido a la firmeza de Siria en su batalla contra el terrorismo y subray\u00f3 la importancia de alcanzar un arreglo pol\u00edtico a la crisis siria que preserve su soberan\u00eda e integridad territorial.<br \/>\nA su vez, Velayati afirm\u00f3 que Ir\u00e1n seguir\u00e1 apoyando a Siria y su pueblo en todos los niveles.<\/p>\n<p style=\"text-align: justify;\"><span style=\"color: #000000;\">yk\/fm<\/span><\/p>\n<div id='gallery-1' class='gallery galleryid-162052 gallery-columns-1 gallery-size-large'><figure class='gallery-item'>\n\t\t\t<div class='gallery-icon landscape'>\n\t\t\t\t<a href='https:\/\/archive.sana.sy\/es\/wp-content\/uploads\/2020\/12\/7-45.jpg'><img loading=\"lazy\" decoding=\"async\" width=\"618\" height=\"339\" src=\"https:\/\/archive.sana.sy\/es\/wp-content\/uploads\/2020\/12\/7-45.jpg\" class=\"attachment-large size-large\" alt=\"\" srcset=\"https:\/\/archive.sana.sy\/es\/wp-content\/uploads\/2020\/12\/7-45.jpg 660w, https:\/\/archive.sana.sy\/es\/wp-content\/uploads\/2020\/12\/7-45-300x165.jpg 300w, https:\/\/archive.sana.sy\/es\/wp-content\/uploads\/2020\/12\/7-45-150x82.jpg 150w\" sizes=\"(max-width: 618px) 100vw, 618px\" \/><\/a>\n\t\t\t<\/div><\/figure><figure class='gallery-item'>\n\t\t\t<div class='gallery-icon landscape'>\n\t\t\t\t<a href='https:\/\/archive.sana.sy\/es\/wp-content\/uploads\/2020\/12\/55555.jpg'><img loading=\"lazy\" decoding=\"async\" width=\"618\" height=\"336\" src=\"https:\/\/archive.sana.sy\/es\/wp-content\/uploads\/2020\/12\/55555.jpg\" class=\"attachment-large size-large\" alt=\"\" srcset=\"https:\/\/archive.sana.sy\/es\/wp-content\/uploads\/2020\/12\/55555.jpg 660w, https:\/\/archive.sana.sy\/es\/wp-content\/uploads\/2020\/12\/55555-300x163.jpg 300w, https:\/\/archive.sana.sy\/es\/wp-content\/uploads\/2020\/12\/55555-150x82.jpg 150w\" sizes=\"(max-width: 618px) 100vw, 618px\" \/><\/a>\n\t\t\t<\/div><\/figure><figure class='gallery-item'>\n\t\t\t<div class='gallery-icon landscape'>\n\t\t\t\t<a href='https:\/\/archive.sana.sy\/es\/wp-content\/uploads\/2020\/12\/2-87.jpg'><img loading=\"lazy\" decoding=\"async\" width=\"618\" height=\"411\" src=\"https:\/\/archive.sana.sy\/es\/wp-content\/uploads\/2020\/12\/2-87.jpg\" class=\"attachment-large size-large\" alt=\"\" srcset=\"https:\/\/archive.sana.sy\/es\/wp-content\/uploads\/2020\/12\/2-87.jpg 660w, https:\/\/archive.sana.sy\/es\/wp-content\/uploads\/2020\/12\/2-87-300x200.jpg 300w, https:\/\/archive.sana.sy\/es\/wp-content\/uploads\/2020\/12\/2-87-150x100.jpg 150w, https:\/\/archive.sana.sy\/es\/wp-content\/uploads\/2020\/12\/2-87-310x205.jpg 310w\" sizes=\"(max-width: 618px) 100vw, 618px\" \/><\/a>\n\t\t\t<\/div><\/figure><figure class='gallery-item'>\n\t\t\t<div class='gallery-icon landscape'>\n\t\t\t\t<a href='https:\/\/archive.sana.sy\/es\/wp-content\/uploads\/2020\/12\/4-70.jpg'><img loading=\"lazy\" decoding=\"async\" width=\"618\" height=\"405\" src=\"https:\/\/archive.sana.sy\/es\/wp-content\/uploads\/2020\/12\/4-70.jpg\" class=\"attachment-large size-large\" alt=\"\" srcset=\"https:\/\/archive.sana.sy\/es\/wp-content\/uploads\/2020\/12\/4-70.jpg 660w, https:\/\/archive.sana.sy\/es\/wp-content\/uploads\/2020\/12\/4-70-300x196.jpg 300w, https:\/\/archive.sana.sy\/es\/wp-content\/uploads\/2020\/12\/4-70-150x98.jpg 150w\" sizes=\"(max-width: 618px) 100vw, 618px\" \/><\/a>\n\t\t\t<\/div><\/figure><figure class='gallery-item'>\n\t\t\t<div class='gallery-icon landscape'>\n\t\t\t\t<a href='https:\/\/archive.sana.sy\/es\/wp-content\/uploads\/2020\/12\/6-67.jpg'><img loading=\"lazy\" decoding=\"async\" width=\"618\" height=\"352\" src=\"https:\/\/archive.sana.sy\/es\/wp-content\/uploads\/2020\/12\/6-67.jpg\" class=\"attachment-large size-large\" alt=\"\" srcset=\"https:\/\/archive.sana.sy\/es\/wp-content\/uploads\/2020\/12\/6-67.jpg 660w, https:\/\/archive.sana.sy\/es\/wp-content\/uploads\/2020\/12\/6-67-300x171.jpg 300w, https:\/\/archive.sana.sy\/es\/wp-content\/uploads\/2020\/12\/6-67-150x85.jpg 150w\" sizes=\"(max-width: 618px) 100vw, 618px\" \/><\/a>\n\t\t\t<\/div><\/figure><figure class='gallery-item'>\n\t\t\t<div class='gallery-icon landscape'>\n\t\t\t\t<a href='https:\/\/archive.sana.sy\/es\/wp-content\/uploads\/2020\/12\/8-50.jpg'><img loading=\"lazy\" decoding=\"async\" width=\"618\" height=\"347\" src=\"https:\/\/archive.sana.sy\/es\/wp-content\/uploads\/2020\/12\/8-50.jpg\" class=\"attachment-large size-large\" alt=\"\" srcset=\"https:\/\/archive.sana.sy\/es\/wp-content\/uploads\/2020\/12\/8-50.jpg 660w, https:\/\/archive.sana.sy\/es\/wp-content\/uploads\/2020\/12\/8-50-300x169.jpg 300w, https:\/\/archive.sana.sy\/es\/wp-content\/uploads\/2020\/12\/8-50-150x84.jpg 150w\" sizes=\"(max-width: 618px) 100vw, 618px\" \/><\/a>\n\t\t\t<\/div><\/figure>\n\t\t<\/div>\n\n","protected":false},"excerpt":{"rendered":"<p>Teher\u00e1n, SANA El ministro de Exteriores y Expatriados, Faisal Mekdad, y su hom\u00f3logo iran\u00ed, Mohamed Yavad Zarif, abordaron durante una reuni\u00f3n celebrada en la capital Teher\u00e1n, las v\u00edas para promover las relaciones estrat\u00e9gicas entre ambos pa\u00edses, as\u00ed como las perspectivas de cooperaci\u00f3n en la actual etapa, y la evoluci\u00f3n de la situaci\u00f3n en los dos &hellip;<\/p>\n","protected":false},"author":1,"featured_media":162055,"comment_status":"closed","ping_status":"closed","sticky":false,"template":"","format":"standard","meta":{"footnotes":""},"categories":[597,467,7541],"tags":[],"class_list":["post-162052","post","type-post","status-publish","format-standard","has-post-thumbnail","","category-cinta-de-noticias","category-siria-y-el-mundo","category-ultimas-noticias"],"_links":{"self":[{"href":"https:\/\/archive.sana.sy\/es\/index.php?rest_route=\/wp\/v2\/posts\/162052"}],"collection":[{"href":"https:\/\/archive.sana.sy\/es\/index.php?rest_route=\/wp\/v2\/posts"}],"about":[{"href":"https:\/\/archive.sana.sy\/es\/index.php?rest_route=\/wp\/v2\/types\/post"}],"author":[{"embeddable":true,"href":"https:\/\/archive.sana.sy\/es\/index.php?rest_route=\/wp\/v2\/users\/1"}],"replies":[{"embeddable":true,"href":"https:\/\/archive.sana.sy\/es\/index.php?rest_route=%2Fwp%2Fv2%2Fcomments&post=162052"}],"version-history":[{"count":0,"href":"https:\/\/archive.sana.sy\/es\/index.php?rest_route=\/wp\/v2\/posts\/162052\/revisions"}],"wp:featuredmedia":[{"embeddable":true,"href":"https:\/\/archive.sana.sy\/es\/index.php?rest_route=\/wp\/v2\/media\/162055"}],"wp:attachment":[{"href":"https:\/\/archive.sana.sy\/es\/index.php?rest_route=%2Fwp%2Fv2%2Fmedia&parent=162052"}],"wp:term":[{"taxonomy":"category","embeddable":true,"href":"https:\/\/archive.sana.sy\/es\/index.php?rest_route=%2Fwp%2Fv2%2Fcategories&post=162052"},{"taxonomy":"post_tag","embeddable":true,"href":"https:\/\/archive.sana.sy\/es\/index.php?rest_route=%2Fwp%2Fv2%2Ftags&post=162052"}],"curies":[{"name":"wp","href":"https:\/\/api.w.org\/{rel}","templated":true}]}}