{"id":162057,"date":"2020-12-07T22:41:55","date_gmt":"2020-12-07T20:41:55","guid":{"rendered":"http:\/\/107.6.182.27\/es\/?p=162057"},"modified":"2020-12-08T00:50:51","modified_gmt":"2020-12-07T22:50:51","slug":"presidente-al-assad-una-sociedad-es-capaz-de-enfrentar-las-tormentas-siempre-y-cuando-es-inmune-ante-las-penetraciones-ideologicas","status":"publish","type":"post","link":"https:\/\/archive.sana.sy\/es\/?p=162057","title":{"rendered":"Presidente Al-Assad: Una sociedad es capaz de enfrentar las tormentas siempre y cuando es inmune ante las penetraciones ideol\u00f3gicas"},"content":{"rendered":"<p style=\"text-align: justify;\"><span style=\"color: #800000;\">Damasco, SANA<\/span><\/p>\n<p style=\"text-align: justify;\">El presidente Bashar Al-Assad particip\u00f3 en la reuni\u00f3n peri\u00f3dica que celebra el Ministerio de Asuntos Religiosos en la mezquita Al-Othman en la capital Damasco, y en el que participaron ulemas y destacadas figuras del Islam.<\/p>\n<p style=\"text-align: justify;\">En su intervenci\u00f3n, el presidente dijo que las cuestiones ideol\u00f3gicas son cr\u00f3nicas y por lo tanto, es dif\u00edcil deshacernos de lo que podamos padecer y recuperar lo que perdamos, y aclar\u00f3 que lo que determina la capacidad de las sociedades para enfrentar tormentas destructivas son los factores de estabilidad e inmunizarlas de penetraciones intelectuales.<\/p>\n<p style=\"text-align: justify;\">Afirm\u00f3 que el apego de la sociedad a la religi\u00f3n se mide con la moral de esa sociedad y la conducta de sus miembros, y acot\u00f3 que \u201cel Profeta es nuestro ejemplo y no est\u00e1 permitido que los musulmanes sigan al Mensajero en credo y no est\u00e9n de acuerdo con \u00e9l en su comportamiento\u201d.<\/p>\n<p style=\"text-align: justify;\">Tambi\u00e9n dijo que el terrorismo no es una causa sino un resultado.<\/p>\n<p style=\"text-align: justify;\">El presidente precis\u00f3 que \u201chay muchos que se preguntan si este es el momento adecuado para plantear temas de \u00edndole ideol\u00f3gica, en un momento en el que Siria enfrenta muchos desaf\u00edos, especialmente en las condiciones de vida\u201d, y contest\u00f3 que \u201ceste di\u00e1logo es necesario por una simple raz\u00f3n, porque los temas ideol\u00f3gicos se caracterizan por la cronicidad y es dif\u00edcil tratar a los cr\u00f3nicos\u201d.<\/p>\n<p style=\"text-align: justify;\">\u201cSiria es parte del Oriente, y este Oriente es ideol\u00f3gico y religioso y cuando hablamos del pensamiento, la esencia de ese pensamiento es la religi\u00f3n, porque entra en todos los aspectos de la vida, entra en la mentalidad, la emoci\u00f3n, el comportamiento, el pasado, el presente y el futuro\u201d, explic\u00f3.<\/p>\n<p style=\"text-align: justify;\">Seg\u00fan Al-Assad, \u201cdespu\u00e9s de cien a\u00f1os, los enemigos de las sociedades ideol\u00f3gicas han logrado grandes \u00e9xitos, y en lugar de que la religi\u00f3n sea una herramienta para que las sociedades se desarrollen, se utiliz\u00f3 esa religi\u00f3n como una herramienta para sabotear a esas sociedades\u201d.<\/p>\n<p style=\"text-align: justify;\">El mandatario compar\u00f3 la situaci\u00f3n y el mundo en el que vivimos en un gran oc\u00e9ano embravecido, donde las olas furiosas golpean en todas direcciones, golpean la seguridad mediante el terrorismo, golpean la econom\u00eda mediante el asedio y el hambre y golpean la ideolog\u00eda con empujar las sociedades hacia el fondo en ese oc\u00e9ano, donde hay embarcaciones vibrando silenciosamente, otras tambale\u00e1ndose y algunas naufragando.<\/p>\n<p style=\"text-align: justify;\">\u201cEstas olas no son espont\u00e1neas porque ese oc\u00e9ano no est\u00e1 embravecido por los factores de la naturaleza sino por los intereses internacionales, y existe un conflicto entre esos intereses y la estructura de nuestras sociedades, ya sea la estructura en el sentido meramente social o la estructura en el sentido ideol\u00f3gico, porque no podemos separar nuestras sociedades de nuestra religi\u00f3n\u201d, detall\u00f3.<\/p>\n<p style=\"text-align: justify;\">El presidente coment\u00f3 sobre los \u00faltimos ataques contra nuestras creencias y s\u00edmbolos, diciendo que \u201cesos ataques sucedieron con anterioridad y es natural en tales casos que la primera respuesta sea la en\u00e9rgica condena y esto sucedi\u00f3 mediante las posturas anunciadas por los Eruditos del Levante y por el Ministerio de Asuntos Religiosos de Siria, la primera expresa la postura de una instituci\u00f3n religiosa y la segunda manifiesta la posici\u00f3n del Estado sirio\u201d.<\/p>\n<p style=\"text-align: justify;\">Afirm\u00f3 que \u201centre ataque, condena y rabia, la religi\u00f3n se convierte en una pelota que los pol\u00edticos oportunistas lanzan\u201d, refiri\u00e9ndose en este caso a Erdogan y Macron.<\/p>\n<p style=\"text-align: justify;\">Precis\u00f3 que \u201cSiria est\u00e1 en un estado de guerra y esa guerra puede ser econ\u00f3mica, militar, ideol\u00f3gica y destinada hacia nuestras creencias\u201d.<\/p>\n<p style=\"text-align: justify;\">\u201cSi queremos confrontar a esa guerra, los trabajadores de las instituciones religiosas y la comunidad musulmana deben usar la terminolog\u00eda correcta y el comportamiento correcto, y ambos provienen de las ense\u00f1anzas de la religi\u00f3n y convertir la ira en debate, di\u00e1logo, ideas y planes\u201d, a\u00f1adi\u00f3.<\/p>\n<p style=\"text-align: justify;\">Por otro lado, tach\u00f3 de pecado mayor al asesinato de personas inocentes durante el asedio a Irak en la d\u00e9cada de los noventas y luego en su invasi\u00f3n en 2003, llegando a Yemen, Libia y Siria.<\/p>\n<p style=\"text-align: justify;\">Aclar\u00f3 que, a lo largo de la historia, nunca ha existido una creencia que se derrumb\u00f3 con un ataque externo sino el peligro viene de adentro, y este peligro comienza con el atraso, el extremismo, el fanatismo y la incapacidad de pensar sanamente.<\/p>\n<p style=\"text-align: justify;\">\u201cEllos son los que cargan con la responsabilidad porque el terrorismo no es un producto isl\u00e1mico y eso es obvio, sino que la sociedad occidental aprovecha las brechas para incitar al terrorismo en esta regi\u00f3n\u201d, remarc\u00f3.<\/p>\n<p style=\"text-align: justify;\">Agreg\u00f3 que \u201cparte del terrorismo que los golpea en Europa no tiene nada que ver con el terrorismo que tenemos. Ellos introdujeron la ideolog\u00eda wahab\u00ed solo a cambio de petrod\u00f3lares y ahora est\u00e1n pagando el precio, pero culpan a los musulmanes y al extremismo musulm\u00e1n, etc., llegado a nuestros s\u00edmbolos\u201d.<\/p>\n<p style=\"text-align: justify;\">Al-Assad manifest\u00f3 que la religi\u00f3n correcta es aquella que impide las metas pol\u00edticas al crear una barrera que les impide de alcanzar sus metas y les impide de transformarnos en reba\u00f1os de ganado conducidos al altar.<\/p>\n<p style=\"text-align: justify;\">\u201cLa verdadera religi\u00f3n de la que estamos hablando es aquella que establece una estructura social que es completamente opuesta a la estructura social requerida para promover el liberalismo; por lo tanto, una gran parte del ataque contra la Instituci\u00f3n religiosa proviene del extranjero\u201d, resalt\u00f3.<\/p>\n<p style=\"text-align: justify;\">Concluy\u00f3 que si ellos quieren que lleguemos al colapso pol\u00edtico, entonces debe haber colapso social, y sin una sociedad sana no habr\u00e1 religi\u00f3n en el verdadero sentido sino una religi\u00f3n sin familia, sin moral y sin confianza.<\/p>\n<p style=\"text-align: justify;\"><span style=\"color: #0000ff;\">fm\/rr<\/span><\/p>\n<div id='gallery-1' class='gallery galleryid-162057 gallery-columns-1 gallery-size-large'><figure class='gallery-item'>\n\t\t\t<div class='gallery-icon landscape'>\n\t\t\t\t<a href='https:\/\/archive.sana.sy\/es\/wp-content\/uploads\/2020\/12\/4-71.jpg'><img loading=\"lazy\" decoding=\"async\" width=\"618\" height=\"398\" src=\"https:\/\/archive.sana.sy\/es\/wp-content\/uploads\/2020\/12\/4-71-1024x660.jpg\" class=\"attachment-large size-large\" alt=\"\" srcset=\"https:\/\/archive.sana.sy\/es\/wp-content\/uploads\/2020\/12\/4-71-1024x660.jpg 1024w, https:\/\/archive.sana.sy\/es\/wp-content\/uploads\/2020\/12\/4-71-300x194.jpg 300w, https:\/\/archive.sana.sy\/es\/wp-content\/uploads\/2020\/12\/4-71-150x97.jpg 150w, https:\/\/archive.sana.sy\/es\/wp-content\/uploads\/2020\/12\/4-71-768x495.jpg 768w, https:\/\/archive.sana.sy\/es\/wp-content\/uploads\/2020\/12\/4-71.jpg 1200w\" sizes=\"(max-width: 618px) 100vw, 618px\" \/><\/a>\n\t\t\t<\/div><\/figure><figure class='gallery-item'>\n\t\t\t<div class='gallery-icon landscape'>\n\t\t\t\t<a href='https:\/\/archive.sana.sy\/es\/wp-content\/uploads\/2020\/12\/DSC06940.jpg'><img loading=\"lazy\" decoding=\"async\" width=\"618\" height=\"398\" src=\"https:\/\/archive.sana.sy\/es\/wp-content\/uploads\/2020\/12\/DSC06940-1024x660.jpg\" class=\"attachment-large size-large\" alt=\"\" srcset=\"https:\/\/archive.sana.sy\/es\/wp-content\/uploads\/2020\/12\/DSC06940-1024x660.jpg 1024w, https:\/\/archive.sana.sy\/es\/wp-content\/uploads\/2020\/12\/DSC06940-300x194.jpg 300w, https:\/\/archive.sana.sy\/es\/wp-content\/uploads\/2020\/12\/DSC06940-150x97.jpg 150w, https:\/\/archive.sana.sy\/es\/wp-content\/uploads\/2020\/12\/DSC06940-768x495.jpg 768w, https:\/\/archive.sana.sy\/es\/wp-content\/uploads\/2020\/12\/DSC06940.jpg 1200w\" sizes=\"(max-width: 618px) 100vw, 618px\" \/><\/a>\n\t\t\t<\/div><\/figure><figure class='gallery-item'>\n\t\t\t<div class='gallery-icon landscape'>\n\t\t\t\t<a href='https:\/\/archive.sana.sy\/es\/wp-content\/uploads\/2020\/12\/DSC06364.jpg'><img loading=\"lazy\" decoding=\"async\" width=\"618\" height=\"393\" src=\"https:\/\/archive.sana.sy\/es\/wp-content\/uploads\/2020\/12\/DSC06364-1024x652.jpg\" class=\"attachment-large size-large\" alt=\"\" srcset=\"https:\/\/archive.sana.sy\/es\/wp-content\/uploads\/2020\/12\/DSC06364-1024x652.jpg 1024w, https:\/\/archive.sana.sy\/es\/wp-content\/uploads\/2020\/12\/DSC06364-300x191.jpg 300w, https:\/\/archive.sana.sy\/es\/wp-content\/uploads\/2020\/12\/DSC06364-150x96.jpg 150w, https:\/\/archive.sana.sy\/es\/wp-content\/uploads\/2020\/12\/DSC06364-768x489.jpg 768w, https:\/\/archive.sana.sy\/es\/wp-content\/uploads\/2020\/12\/DSC06364.jpg 1200w\" sizes=\"(max-width: 618px) 100vw, 618px\" \/><\/a>\n\t\t\t<\/div><\/figure><figure class='gallery-item'>\n\t\t\t<div class='gallery-icon landscape'>\n\t\t\t\t<a href='https:\/\/archive.sana.sy\/es\/wp-content\/uploads\/2020\/12\/DSC06091.jpg'><img loading=\"lazy\" decoding=\"async\" width=\"618\" height=\"385\" src=\"https:\/\/archive.sana.sy\/es\/wp-content\/uploads\/2020\/12\/DSC06091-1024x638.jpg\" class=\"attachment-large size-large\" alt=\"\" srcset=\"https:\/\/archive.sana.sy\/es\/wp-content\/uploads\/2020\/12\/DSC06091-1024x638.jpg 1024w, https:\/\/archive.sana.sy\/es\/wp-content\/uploads\/2020\/12\/DSC06091-300x187.jpg 300w, https:\/\/archive.sana.sy\/es\/wp-content\/uploads\/2020\/12\/DSC06091-150x94.jpg 150w, https:\/\/archive.sana.sy\/es\/wp-content\/uploads\/2020\/12\/DSC06091-768x479.jpg 768w, https:\/\/archive.sana.sy\/es\/wp-content\/uploads\/2020\/12\/DSC06091.jpg 1200w\" sizes=\"(max-width: 618px) 100vw, 618px\" \/><\/a>\n\t\t\t<\/div><\/figure><figure class='gallery-item'>\n\t\t\t<div class='gallery-icon landscape'>\n\t\t\t\t<a href='https:\/\/archive.sana.sy\/es\/wp-content\/uploads\/2020\/12\/DSC01575-1.jpg'><img loading=\"lazy\" decoding=\"async\" width=\"618\" height=\"268\" src=\"https:\/\/archive.sana.sy\/es\/wp-content\/uploads\/2020\/12\/DSC01575-1-1024x444.jpg\" class=\"attachment-large size-large\" alt=\"\" srcset=\"https:\/\/archive.sana.sy\/es\/wp-content\/uploads\/2020\/12\/DSC01575-1-1024x444.jpg 1024w, https:\/\/archive.sana.sy\/es\/wp-content\/uploads\/2020\/12\/DSC01575-1-300x130.jpg 300w, https:\/\/archive.sana.sy\/es\/wp-content\/uploads\/2020\/12\/DSC01575-1-150x65.jpg 150w, https:\/\/archive.sana.sy\/es\/wp-content\/uploads\/2020\/12\/DSC01575-1-768x333.jpg 768w, https:\/\/archive.sana.sy\/es\/wp-content\/uploads\/2020\/12\/DSC01575-1.jpg 1200w\" sizes=\"(max-width: 618px) 100vw, 618px\" \/><\/a>\n\t\t\t<\/div><\/figure><figure class='gallery-item'>\n\t\t\t<div class='gallery-icon landscape'>\n\t\t\t\t<a href='https:\/\/archive.sana.sy\/es\/wp-content\/uploads\/2020\/12\/DSC00295-1.jpg'><img loading=\"lazy\" decoding=\"async\" width=\"618\" height=\"412\" src=\"https:\/\/archive.sana.sy\/es\/wp-content\/uploads\/2020\/12\/DSC00295-1-1024x683.jpg\" class=\"attachment-large size-large\" alt=\"\" srcset=\"https:\/\/archive.sana.sy\/es\/wp-content\/uploads\/2020\/12\/DSC00295-1-1024x683.jpg 1024w, https:\/\/archive.sana.sy\/es\/wp-content\/uploads\/2020\/12\/DSC00295-1-300x200.jpg 300w, https:\/\/archive.sana.sy\/es\/wp-content\/uploads\/2020\/12\/DSC00295-1-150x100.jpg 150w, https:\/\/archive.sana.sy\/es\/wp-content\/uploads\/2020\/12\/DSC00295-1-768x512.jpg 768w, https:\/\/archive.sana.sy\/es\/wp-content\/uploads\/2020\/12\/DSC00295-1.jpg 1200w\" sizes=\"(max-width: 618px) 100vw, 618px\" \/><\/a>\n\t\t\t<\/div><\/figure>\n\t\t<\/div>\n\n","protected":false},"excerpt":{"rendered":"<p>Damasco, SANA El presidente Bashar Al-Assad particip\u00f3 en la reuni\u00f3n peri\u00f3dica que celebra el Ministerio de Asuntos Religiosos en la mezquita Al-Othman en la capital Damasco, y en el que participaron ulemas y destacadas figuras del Islam. En su intervenci\u00f3n, el presidente dijo que las cuestiones ideol\u00f3gicas son cr\u00f3nicas y por lo tanto, es dif\u00edcil &hellip;<\/p>\n","protected":false},"author":31,"featured_media":162058,"comment_status":"closed","ping_status":"closed","sticky":false,"template":"","format":"standard","meta":{"footnotes":""},"categories":[597,476,16237,583],"tags":[],"class_list":["post-162057","post","type-post","status-publish","format-standard","has-post-thumbnail","","category-cinta-de-noticias","category-locales","category-presidence-de-la-republique-arabe-syria","category-slide"],"_links":{"self":[{"href":"https:\/\/archive.sana.sy\/es\/index.php?rest_route=\/wp\/v2\/posts\/162057"}],"collection":[{"href":"https:\/\/archive.sana.sy\/es\/index.php?rest_route=\/wp\/v2\/posts"}],"about":[{"href":"https:\/\/archive.sana.sy\/es\/index.php?rest_route=\/wp\/v2\/types\/post"}],"author":[{"embeddable":true,"href":"https:\/\/archive.sana.sy\/es\/index.php?rest_route=\/wp\/v2\/users\/31"}],"replies":[{"embeddable":true,"href":"https:\/\/archive.sana.sy\/es\/index.php?rest_route=%2Fwp%2Fv2%2Fcomments&post=162057"}],"version-history":[{"count":0,"href":"https:\/\/archive.sana.sy\/es\/index.php?rest_route=\/wp\/v2\/posts\/162057\/revisions"}],"wp:featuredmedia":[{"embeddable":true,"href":"https:\/\/archive.sana.sy\/es\/index.php?rest_route=\/wp\/v2\/media\/162058"}],"wp:attachment":[{"href":"https:\/\/archive.sana.sy\/es\/index.php?rest_route=%2Fwp%2Fv2%2Fmedia&parent=162057"}],"wp:term":[{"taxonomy":"category","embeddable":true,"href":"https:\/\/archive.sana.sy\/es\/index.php?rest_route=%2Fwp%2Fv2%2Fcategories&post=162057"},{"taxonomy":"post_tag","embeddable":true,"href":"https:\/\/archive.sana.sy\/es\/index.php?rest_route=%2Fwp%2Fv2%2Ftags&post=162057"}],"curies":[{"name":"wp","href":"https:\/\/api.w.org\/{rel}","templated":true}]}}