{"id":162073,"date":"2020-12-07T19:55:23","date_gmt":"2020-12-07T17:55:23","guid":{"rendered":"http:\/\/107.6.182.27\/es\/?p=162073"},"modified":"2020-12-07T23:38:38","modified_gmt":"2020-12-07T21:38:38","slug":"siria-confirma-87-nuevos-casos-de-la-covid-19","status":"publish","type":"post","link":"https:\/\/archive.sana.sy\/es\/?p=162073","title":{"rendered":"Siria confirma 87 nuevos casos de la Covid-19\u00a0"},"content":{"rendered":"<p><span style=\"color: #800000;\">Damasco, SANA<\/span><\/p>\n<p style=\"text-align: justify;\">Las autoridades de salud sirias confirmaron 87 nuevos casos de la Covid-19 en las \u00faltimas 24 horas, para acumular ocho mil 490 infectados desde el 22 de marzo pasado, fecha de la confirmaci\u00f3n del primer caso en el pa\u00eds.<\/p>\n<p style=\"text-align: justify;\">Una nota de prensa del Ministerio de Salud confirm\u00f3 57 nuevos recuperados para un total de cuatro mil a nivel nacional.<\/p>\n<p style=\"text-align: justify;\">Asimismo, hubo cinco muertos por ese virus lo que eleva los decesos a nivel nacional a 452.<\/p>\n<p><span style=\"color: #0000ff;\">fm\/rr<\/span><\/p>\n","protected":false},"excerpt":{"rendered":"<p>Damasco, SANA Las autoridades de salud sirias confirmaron 87 nuevos casos de la Covid-19 en las \u00faltimas 24 horas, para acumular ocho mil 490 infectados desde el 22 de marzo pasado, fecha de la confirmaci\u00f3n del primer caso en el pa\u00eds. Una nota de prensa del Ministerio de Salud confirm\u00f3 57 nuevos recuperados para un &hellip;<\/p>\n","protected":false},"author":31,"featured_media":162074,"comment_status":"closed","ping_status":"closed","sticky":false,"template":"","format":"standard","meta":{"footnotes":""},"categories":[597,476,7541],"tags":[],"class_list":["post-162073","post","type-post","status-publish","format-standard","has-post-thumbnail","","category-cinta-de-noticias","category-locales","category-ultimas-noticias"],"_links":{"self":[{"href":"https:\/\/archive.sana.sy\/es\/index.php?rest_route=\/wp\/v2\/posts\/162073"}],"collection":[{"href":"https:\/\/archive.sana.sy\/es\/index.php?rest_route=\/wp\/v2\/posts"}],"about":[{"href":"https:\/\/archive.sana.sy\/es\/index.php?rest_route=\/wp\/v2\/types\/post"}],"author":[{"embeddable":true,"href":"https:\/\/archive.sana.sy\/es\/index.php?rest_route=\/wp\/v2\/users\/31"}],"replies":[{"embeddable":true,"href":"https:\/\/archive.sana.sy\/es\/index.php?rest_route=%2Fwp%2Fv2%2Fcomments&post=162073"}],"version-history":[{"count":0,"href":"https:\/\/archive.sana.sy\/es\/index.php?rest_route=\/wp\/v2\/posts\/162073\/revisions"}],"wp:featuredmedia":[{"embeddable":true,"href":"https:\/\/archive.sana.sy\/es\/index.php?rest_route=\/wp\/v2\/media\/162074"}],"wp:attachment":[{"href":"https:\/\/archive.sana.sy\/es\/index.php?rest_route=%2Fwp%2Fv2%2Fmedia&parent=162073"}],"wp:term":[{"taxonomy":"category","embeddable":true,"href":"https:\/\/archive.sana.sy\/es\/index.php?rest_route=%2Fwp%2Fv2%2Fcategories&post=162073"},{"taxonomy":"post_tag","embeddable":true,"href":"https:\/\/archive.sana.sy\/es\/index.php?rest_route=%2Fwp%2Fv2%2Ftags&post=162073"}],"curies":[{"name":"wp","href":"https:\/\/api.w.org\/{rel}","templated":true}]}}