{"id":162119,"date":"2020-12-08T17:02:44","date_gmt":"2020-12-08T15:02:44","guid":{"rendered":"http:\/\/107.6.182.27\/es\/?p=162119"},"modified":"2020-12-09T08:48:05","modified_gmt":"2020-12-09T06:48:05","slug":"los-sirios-en-golan-ocupado-ratifican-rechazo-a-planes-sionistas-para-confiscar-sus-tierras","status":"publish","type":"post","link":"https:\/\/archive.sana.sy\/es\/?p=162119","title":{"rendered":"Los sirios en Gol\u00e1n ocupado ratifican rechazo a planes sionistas para confiscar sus tierras"},"content":{"rendered":"<p style=\"text-align: justify;\"><strong><span style=\"color: #800000;\">Gol\u00e1n ocupado, SANA<\/span><\/strong><\/p>\n<p style=\"text-align: justify;\">Los pobladores del Gol\u00e1n sirio ocupado ratificaron su absoluto rechazo a los planes expansionistas del ente de ocupaci\u00f3n israel\u00ed que pretende instalar grandes turbinas e\u00f3licas en sus tierras.<\/p>\n<p style=\"text-align: justify;\">&#8220;Reiteramos el rechazo al establecimiento de las turbinas e\u00f3licas en nuestras tierras y denunciamos que este plan pretende confiscar nuestras tierras y destruir todos los factores de supervivencia y firmeza en el Gol\u00e1n ocupado&#8221;, reafirmaron los golaneses en un comunicado.<\/p>\n<p style=\"text-align: justify;\">La nota reafirm\u00f3 que &#8220;el Gol\u00e1n ocupado con todas sus tierras, habitantes, aire y agua es parte integrante de la Rep\u00fablica \u00c1rabe Siria, que es la \u00fanica que tiene jurisdicci\u00f3n y legitimidad sobre los territorios del Gol\u00e1n&#8221;.<\/p>\n<p style=\"text-align: justify;\">Las fuerzas de ocupaci\u00f3n israel\u00edes bloquearon la v\u00edspera, las entradas principales de las localidades en el Gol\u00e1n sirio ocupado e impidieron que los pobladores lleguen a sus tierras agr\u00edcolas sobre las cuales las autoridades de ocupaci\u00f3n quieren construir turbinas e\u00f3licas gigantes.<\/p>\n<p style=\"text-align: justify;\">Los compatriotas del Gol\u00e1n seguir\u00e1n defendiendo su tierra, sean cuales sean los sacrificios, y no permitir\u00e1n que la ocupaci\u00f3n israel\u00ed implemente su plan destinado a instalar turbinas e\u00f3licas en sus tierras agr\u00edcolas.<\/p>\n<p style=\"text-align: justify;\">El plan incluye la instalaci\u00f3n de 52 turbinas e\u00f3licas gigantes y la confiscaci\u00f3n de unas 80 hect\u00e1reas de tierras del Gol\u00e1n.<\/p>\n<p style=\"text-align: justify;\"><span style=\"color: #0000ff;\"><strong>fm\/ws<\/strong><\/span><\/p>\n","protected":false},"excerpt":{"rendered":"<p>Gol\u00e1n ocupado, SANA Los pobladores del Gol\u00e1n sirio ocupado ratificaron su absoluto rechazo a los planes expansionistas del ente de ocupaci\u00f3n israel\u00ed que pretende instalar grandes turbinas e\u00f3licas en sus tierras. &#8220;Reiteramos el rechazo al establecimiento de las turbinas e\u00f3licas en nuestras tierras y denunciamos que este plan pretende confiscar nuestras tierras y destruir todos &hellip;<\/p>\n","protected":false},"author":35,"featured_media":162120,"comment_status":"closed","ping_status":"closed","sticky":false,"template":"","format":"standard","meta":{"footnotes":""},"categories":[477,597,573,476,7541],"tags":[],"class_list":["post-162119","post","type-post","status-publish","format-standard","has-post-thumbnail","","category-noticias-edulcorantes","category-cinta-de-noticias","category-la-realidad-de-los-acontecimientos-en-siria","category-locales","category-ultimas-noticias"],"_links":{"self":[{"href":"https:\/\/archive.sana.sy\/es\/index.php?rest_route=\/wp\/v2\/posts\/162119"}],"collection":[{"href":"https:\/\/archive.sana.sy\/es\/index.php?rest_route=\/wp\/v2\/posts"}],"about":[{"href":"https:\/\/archive.sana.sy\/es\/index.php?rest_route=\/wp\/v2\/types\/post"}],"author":[{"embeddable":true,"href":"https:\/\/archive.sana.sy\/es\/index.php?rest_route=\/wp\/v2\/users\/35"}],"replies":[{"embeddable":true,"href":"https:\/\/archive.sana.sy\/es\/index.php?rest_route=%2Fwp%2Fv2%2Fcomments&post=162119"}],"version-history":[{"count":0,"href":"https:\/\/archive.sana.sy\/es\/index.php?rest_route=\/wp\/v2\/posts\/162119\/revisions"}],"wp:featuredmedia":[{"embeddable":true,"href":"https:\/\/archive.sana.sy\/es\/index.php?rest_route=\/wp\/v2\/media\/162120"}],"wp:attachment":[{"href":"https:\/\/archive.sana.sy\/es\/index.php?rest_route=%2Fwp%2Fv2%2Fmedia&parent=162119"}],"wp:term":[{"taxonomy":"category","embeddable":true,"href":"https:\/\/archive.sana.sy\/es\/index.php?rest_route=%2Fwp%2Fv2%2Fcategories&post=162119"},{"taxonomy":"post_tag","embeddable":true,"href":"https:\/\/archive.sana.sy\/es\/index.php?rest_route=%2Fwp%2Fv2%2Ftags&post=162119"}],"curies":[{"name":"wp","href":"https:\/\/api.w.org\/{rel}","templated":true}]}}