{"id":162138,"date":"2020-12-08T18:03:36","date_gmt":"2020-12-08T16:03:36","guid":{"rendered":"http:\/\/107.6.182.27\/es\/?p=162138"},"modified":"2023-01-10T14:31:00","modified_gmt":"2023-01-10T12:31:00","slug":"la-cooperacion-estrategica-entre-siria-e-iran-centra-las-conversaciones-de-mekdad-con-los-altos-funcionarios-iranies","status":"publish","type":"post","link":"https:\/\/archive.sana.sy\/es\/?p=162138","title":{"rendered":"La cooperaci\u00f3n estrat\u00e9gica entre Siria e Ir\u00e1n centra las conversaciones de Mekdad con los altos funcionarios iran\u00edes"},"content":{"rendered":"<p style=\"text-align: justify\"><span style=\"color: #800000\"><strong>Teher\u00e1n, SANA<\/strong><\/span><\/p>\n<p style=\"text-align: justify\">El ministro de Exteriores y Expatriados, Faisal Mekdad, abord\u00f3 con Ali Shamkhani, Secretario del Consejo Supremo de Seguridad Nacional de Ir\u00e1n, la cooperaci\u00f3n estrat\u00e9gica entre los dos pa\u00edses en el campo de la lucha contra el terrorismo y los \u00faltimos desarrollos pol\u00edticos y de seguridad en la regi\u00f3n y el mundo.<\/p>\n<p style=\"text-align: justify\"><img loading=\"lazy\" decoding=\"async\" class=\"size-medium wp-image-162140 alignleft\" src=\"http:\/\/107.6.182.27\/es\/wp-content\/uploads\/2020\/12\/5-72-300x169.jpg\" alt=\"\" width=\"300\" height=\"169\" srcset=\"https:\/\/archive.sana.sy\/es\/wp-content\/uploads\/2020\/12\/5-72-300x169.jpg 300w, https:\/\/archive.sana.sy\/es\/wp-content\/uploads\/2020\/12\/5-72-150x84.jpg 150w, https:\/\/archive.sana.sy\/es\/wp-content\/uploads\/2020\/12\/5-72.jpg 660w\" sizes=\"(max-width: 300px) 100vw, 300px\" \/>Mekdad reiter\u00f3 las posturas de principios que unen a los pueblos de Siria e Ir\u00e1n, especialmente a la luz de los desarrollos regionales e internacionales y los desaf\u00edos impuestos por las fuerzas internacionales que atacan estas posturas y los intentos de presionarlos para que las abandonen.<\/p>\n<p style=\"text-align: justify\">El jefe de la diplomacia siria destac\u00f3 que lograr la paz y la seguridad sostenible en la regi\u00f3n depende de cambiar el enfoque de algunos pa\u00edses en su apoyo al terrorismo, la imposici\u00f3n de bloqueo econ\u00f3mico a los pueblos y los intentos de interferir en los asuntos internos de los estados y violar su soberan\u00eda e independencia.<\/p>\n<p style=\"text-align: justify\">Mekdad expres\u00f3 su satisfacci\u00f3n por el nivel que alcanzaron las relaciones entre los dos pa\u00edses hermanos en diversos campos, y elogi\u00f3 el apoyo iran\u00ed a Siria a lo largo de su guerra contra el terrorismo.<\/p>\n<p style=\"text-align: justify\">A su vez, Shamkhani expres\u00f3 el compromiso de su pa\u00eds de cooperar con Siria en la lucha contra el terrorismo, llegando al fin de la guerra terrorista impuesta al pueblo sirio.<\/p>\n<p style=\"text-align: justify\">Enfatiz\u00f3 la necesidad de comprometerse con la unidad e integridad territorial de Siria, y su soberan\u00eda e independencia, y la completa retirada de las fuerzas estadounidenses y otras fuerzas presentes ilegalmente en esa naci\u00f3n.<\/p>\n<p style=\"text-align: justify\">Shamkhani conden\u00f3 los repetidos ataques israel\u00edes contra et territorio sirio, lo cual representa una flagrante violaci\u00f3n de las leyes internacionales y critic\u00f3 el silencio de la comunidad internacional al respecto.<\/p>\n<p style=\"text-align: justify\"><span style=\"color: #0000ff\"><strong>Mekdad ratifica compromiso de Siria con el proceso pol\u00edtico en paralelo con la lucha contra el terrorismo que amenaza al mundo entero<\/strong><\/span><\/p>\n<p style=\"text-align: justify\">Asimismo, el canciller Mekdad se reuni\u00f3 con Ali Asghar Khaji, el asistente principal del Ministro de Exteriores de Ir\u00e1n para Asuntos Pol\u00edticos Especiales.<\/p>\n<p style=\"text-align: justify\"><img loading=\"lazy\" decoding=\"async\" class=\"size-medium wp-image-162141 alignleft\" src=\"http:\/\/107.6.182.27\/es\/wp-content\/uploads\/2020\/12\/6-70-300x169.jpg\" alt=\"\" width=\"300\" height=\"169\" srcset=\"https:\/\/archive.sana.sy\/es\/wp-content\/uploads\/2020\/12\/6-70-300x169.jpg 300w, https:\/\/archive.sana.sy\/es\/wp-content\/uploads\/2020\/12\/6-70-150x84.jpg 150w, https:\/\/archive.sana.sy\/es\/wp-content\/uploads\/2020\/12\/6-70.jpg 660w\" sizes=\"(max-width: 300px) 100vw, 300px\" \/>Ambos expresaron su satisfacci\u00f3n por la continuaci\u00f3n de la coordinaci\u00f3n y las consultas entre los dos pa\u00edses en todos los campos, as\u00ed como por los resultados alcanzados en la Conferencia Internacional sobre Retorno de Refugiados en Damasco.<\/p>\n<p style=\"text-align: justify\">Mekdad ratific\u00f3 el compromiso de Siria con el proceso pol\u00edtico en paralelo con el ejercicio de su derecho a combatir el terrorismo, que amenaza al mundo entero.<\/p>\n<p style=\"text-align: justify\">\u201cSe ha comprobado que las organizaciones terroristas que llevan a cabo estos ataques est\u00e1n vinculadas a los servicios de inteligencia occidentales, y los reg\u00edmenes estadounidense y turco contin\u00faan su apoyo a esas organizaciones terroristas en Siria con el objetivo de frustrar el proceso pol\u00edtico e impedir los esfuerzos realizados para lograr el progreso deseado y restaurar la estabilidad en todos sus territorios\u201d, acot\u00f3.<\/p>\n<p style=\"text-align: justify\"><span style=\"color: #0000ff\"><strong>Ministro de Defensa de Ir\u00e1n: \u00a0&#8220;Como estuvimos codo con codo en la lucha contra el terrorismo, lo estaremos tambi\u00e9n en la reconstrucci\u00f3n&#8221;<\/strong><\/span><\/p>\n<p style=\"text-align: justify\">Al final de su visita a Teher\u00e1n, el canciller Mekdad escribi\u00f3 unas palabras en el libro de condolencias por el martirio del cient\u00edfico nuclear Mohsen Fakhrizadeh. Mekdad fue recibido por el ministro de Defensa iran\u00ed, el general de brigada Amir Hatami y altos funcionarios militares.<\/p>\n<p style=\"text-align: justify\"><img loading=\"lazy\" decoding=\"async\" class=\"size-medium wp-image-162142 alignleft\" src=\"http:\/\/107.6.182.27\/es\/wp-content\/uploads\/2020\/12\/7-48-300x177.jpg\" alt=\"\" width=\"300\" height=\"177\" srcset=\"https:\/\/archive.sana.sy\/es\/wp-content\/uploads\/2020\/12\/7-48-300x177.jpg 300w, https:\/\/archive.sana.sy\/es\/wp-content\/uploads\/2020\/12\/7-48-150x88.jpg 150w, https:\/\/archive.sana.sy\/es\/wp-content\/uploads\/2020\/12\/7-48.jpg 660w\" sizes=\"(max-width: 300px) 100vw, 300px\" \/>Posteriormente, Mekdad y Hatami repasaron la cooperaci\u00f3n y coordinaci\u00f3n conjunta entre las dos partes en todos los campos en este sentido, Mekdad destac\u00f3 la importancia de continuar esta cooperaci\u00f3n para enfrentar los desaf\u00edos, ataques, cr\u00edmenes terroristas y agresiones practicadas por el ente israel\u00ed y los pa\u00edses que lo apoyan, el \u00faltimo de los cuales fue el asesinato de Fakhrizadeh.<\/p>\n<p style=\"text-align: justify\">Indic\u00f3 que el asesinato al cient\u00edfico nuclear quedar\u00e1 en la historia como un crimen terrorista de lesa humanidad y enfatiz\u00f3 que responder a estos cr\u00edmenes es un derecho leg\u00edtimo.<\/p>\n<p style=\"text-align: justify\">Por su parte, Hatami afirm\u00f3 el apoyo continuo de su pa\u00eds a Siria y dijo: &#8220;Como estuvimos codo con codo en la lucha contra el terrorismo, los estaremos en la reconstrucci\u00f3n&#8221;.<\/p>\n<p style=\"text-align: justify\">fm<\/p>\n","protected":false},"excerpt":{"rendered":"<p>Teher\u00e1n, SANA El ministro de Exteriores y Expatriados, Faisal Mekdad, abord\u00f3 con Ali Shamkhani, Secretario del Consejo Supremo de Seguridad Nacional de Ir\u00e1n, la cooperaci\u00f3n estrat\u00e9gica entre los dos pa\u00edses en el campo de la lucha contra el terrorismo y los \u00faltimos desarrollos pol\u00edticos y de seguridad en la regi\u00f3n y el mundo. Mekdad reiter\u00f3 &hellip;<\/p>\n","protected":false},"author":34,"featured_media":162139,"comment_status":"closed","ping_status":"closed","sticky":false,"template":"","format":"standard","meta":{"footnotes":""},"categories":[447,597,467,7541],"tags":[],"class_list":["post-162138","post","type-post","status-publish","format-standard","has-post-thumbnail","","category-local-politica","category-cinta-de-noticias","category-siria-y-el-mundo","category-ultimas-noticias"],"_links":{"self":[{"href":"https:\/\/archive.sana.sy\/es\/index.php?rest_route=\/wp\/v2\/posts\/162138"}],"collection":[{"href":"https:\/\/archive.sana.sy\/es\/index.php?rest_route=\/wp\/v2\/posts"}],"about":[{"href":"https:\/\/archive.sana.sy\/es\/index.php?rest_route=\/wp\/v2\/types\/post"}],"author":[{"embeddable":true,"href":"https:\/\/archive.sana.sy\/es\/index.php?rest_route=\/wp\/v2\/users\/34"}],"replies":[{"embeddable":true,"href":"https:\/\/archive.sana.sy\/es\/index.php?rest_route=%2Fwp%2Fv2%2Fcomments&post=162138"}],"version-history":[{"count":0,"href":"https:\/\/archive.sana.sy\/es\/index.php?rest_route=\/wp\/v2\/posts\/162138\/revisions"}],"wp:featuredmedia":[{"embeddable":true,"href":"https:\/\/archive.sana.sy\/es\/index.php?rest_route=\/wp\/v2\/media\/162139"}],"wp:attachment":[{"href":"https:\/\/archive.sana.sy\/es\/index.php?rest_route=%2Fwp%2Fv2%2Fmedia&parent=162138"}],"wp:term":[{"taxonomy":"category","embeddable":true,"href":"https:\/\/archive.sana.sy\/es\/index.php?rest_route=%2Fwp%2Fv2%2Fcategories&post=162138"},{"taxonomy":"post_tag","embeddable":true,"href":"https:\/\/archive.sana.sy\/es\/index.php?rest_route=%2Fwp%2Fv2%2Ftags&post=162138"}],"curies":[{"name":"wp","href":"https:\/\/api.w.org\/{rel}","templated":true}]}}