{"id":162147,"date":"2020-12-08T15:31:49","date_gmt":"2020-12-08T13:31:49","guid":{"rendered":"http:\/\/107.6.182.27\/es\/?p=162147"},"modified":"2020-12-08T15:31:49","modified_gmt":"2020-12-08T13:31:49","slug":"terroristas-proturcos-bombardean-localidades-en-el-norte-de-hasakeh","status":"publish","type":"post","link":"https:\/\/archive.sana.sy\/es\/?p=162147","title":{"rendered":"Terroristas proturcos bombardean localidades en el norte de Hasakeh"},"content":{"rendered":"<p style=\"text-align: justify;\"><span style=\"color: #800000;\"><strong>Hasakeh, SANA<\/strong><\/span><\/p>\n<p style=\"text-align: justify;\">Terroristas que trabajan al servicio de las fuerzas de ocupaci\u00f3n turcas atacaron varias aldeas en las cercan\u00edas de la ciudad de Tal Tamer, en el norte de la provincia de Hasakeh.<\/p>\n<p style=\"text-align: justify;\">\u201cLos ataques se perpetraron con proyectiles y armas autom\u00e1ticas y provocaron da\u00f1os materiales en algunas viviendas e infraestructura\u201d, informaron activistas locales al corresponsal de SANA.<\/p>\n<p style=\"text-align: justify;\">En la v\u00edspera, las tropas turcas y sus mercenarios atacaron con morteros y artiller\u00eda a los edificios residenciales en tres localidades en Hasakeh, ocasionando da\u00f1os en varias viviendas e infraestructura.<\/p>\n<p style=\"text-align: justify;\">fm<\/p>\n","protected":false},"excerpt":{"rendered":"<p>Hasakeh, SANA Terroristas que trabajan al servicio de las fuerzas de ocupaci\u00f3n turcas atacaron varias aldeas en las cercan\u00edas de la ciudad de Tal Tamer, en el norte de la provincia de Hasakeh. \u201cLos ataques se perpetraron con proyectiles y armas autom\u00e1ticas y provocaron da\u00f1os materiales en algunas viviendas e infraestructura\u201d, informaron activistas locales al &hellip;<\/p>\n","protected":false},"author":34,"featured_media":162148,"comment_status":"closed","ping_status":"closed","sticky":false,"template":"","format":"standard","meta":{"footnotes":""},"categories":[477,597,573,476,457,7541],"tags":[],"class_list":["post-162147","post","type-post","status-publish","format-standard","has-post-thumbnail","","category-noticias-edulcorantes","category-cinta-de-noticias","category-la-realidad-de-los-acontecimientos-en-siria","category-locales","category-noticias-arabe-internacional-politica","category-ultimas-noticias"],"_links":{"self":[{"href":"https:\/\/archive.sana.sy\/es\/index.php?rest_route=\/wp\/v2\/posts\/162147"}],"collection":[{"href":"https:\/\/archive.sana.sy\/es\/index.php?rest_route=\/wp\/v2\/posts"}],"about":[{"href":"https:\/\/archive.sana.sy\/es\/index.php?rest_route=\/wp\/v2\/types\/post"}],"author":[{"embeddable":true,"href":"https:\/\/archive.sana.sy\/es\/index.php?rest_route=\/wp\/v2\/users\/34"}],"replies":[{"embeddable":true,"href":"https:\/\/archive.sana.sy\/es\/index.php?rest_route=%2Fwp%2Fv2%2Fcomments&post=162147"}],"version-history":[{"count":0,"href":"https:\/\/archive.sana.sy\/es\/index.php?rest_route=\/wp\/v2\/posts\/162147\/revisions"}],"wp:featuredmedia":[{"embeddable":true,"href":"https:\/\/archive.sana.sy\/es\/index.php?rest_route=\/wp\/v2\/media\/162148"}],"wp:attachment":[{"href":"https:\/\/archive.sana.sy\/es\/index.php?rest_route=%2Fwp%2Fv2%2Fmedia&parent=162147"}],"wp:term":[{"taxonomy":"category","embeddable":true,"href":"https:\/\/archive.sana.sy\/es\/index.php?rest_route=%2Fwp%2Fv2%2Fcategories&post=162147"},{"taxonomy":"post_tag","embeddable":true,"href":"https:\/\/archive.sana.sy\/es\/index.php?rest_route=%2Fwp%2Fv2%2Ftags&post=162147"}],"curies":[{"name":"wp","href":"https:\/\/api.w.org\/{rel}","templated":true}]}}