{"id":162150,"date":"2020-12-08T15:47:30","date_gmt":"2020-12-08T13:47:30","guid":{"rendered":"http:\/\/107.6.182.27\/es\/?p=162150"},"modified":"2023-01-10T14:31:00","modified_gmt":"2023-01-10T12:31:00","slug":"armados-desconocidos-matan-e-hieren-a-varios-integrantes-de-la-milicia-proestadounidense-fds","status":"publish","type":"post","link":"https:\/\/archive.sana.sy\/es\/?p=162150","title":{"rendered":"Armados desconocidos matan e hieren a varios integrantes de la milicia proestadounidense FDS"},"content":{"rendered":"<p style=\"text-align: justify;\"><span style=\"color: #800000;\"><strong>Deir Ezzor, SANA<\/strong><\/span><\/p>\n<p style=\"text-align: justify;\">Varias milicianos de las denominadas Fuerzas Democr\u00e1ticas de Siria (FDS), respaldadas por las fuerzas de ocupaci\u00f3n estadounidenses, quedaron entre muertos y heridos en ataques lanzados por desconocidos contra sus patrullas y posiciones en el campo de la provincia de Deir Ezzor.<\/p>\n<p style=\"text-align: justify;\">Seg\u00fan reportes de \u00faltima hora, un miliciano de FDS fue asesinado por desconocidos en la localidad de Tayyana, en el este de Deir Ezzor. El ataque ocurre un d\u00eda despu\u00e9s de la muerte de tres milicianos en semejante acci\u00f3n en la misma localidad.<\/p>\n<p style=\"text-align: justify;\">Asimismo, un artefacto explosivo colocado por desconocidos en una calle de la ciudad de Hajin, estall\u00f3 al paso de un veh\u00edculo militar perteneciente a FDS, dejando heridos en sus filas, mientras que un armado de esa milicia armada fue asesinado en la aldea de Daman, al norte de Deir Ezzor.<\/p>\n<p style=\"text-align: justify;\">En la v\u00edspera, cinco armados integrantes de las autoproclamadas Fuerzas Democr\u00e1ticas de Siria (FDS) fueron abatidos en ataques contra sus posiciones y patrullas en el campo de la provincia oriental siria de Deir Ezzor.<\/p>\n<p style=\"text-align: justify;\">En los \u00faltimos meses, varias manifestaciones y acciones armadas tuvieron lugar contra la milicia FDS que opera bajo protecci\u00f3n de las fuerzas de ocupaci\u00f3n de EE.UU.<\/p>\n<p style=\"text-align: justify;\">fm<\/p>\n","protected":false},"excerpt":{"rendered":"<p>Deir Ezzor, SANA Varias milicianos de las denominadas Fuerzas Democr\u00e1ticas de Siria (FDS), respaldadas por las fuerzas de ocupaci\u00f3n estadounidenses, quedaron entre muertos y heridos en ataques lanzados por desconocidos contra sus patrullas y posiciones en el campo de la provincia de Deir Ezzor. Seg\u00fan reportes de \u00faltima hora, un miliciano de FDS fue asesinado &hellip;<\/p>\n","protected":false},"author":34,"featured_media":162151,"comment_status":"closed","ping_status":"closed","sticky":false,"template":"","format":"standard","meta":{"footnotes":""},"categories":[477,447,597,573,476,457,7541],"tags":[],"class_list":["post-162150","post","type-post","status-publish","format-standard","has-post-thumbnail","","category-noticias-edulcorantes","category-local-politica","category-cinta-de-noticias","category-la-realidad-de-los-acontecimientos-en-siria","category-locales","category-noticias-arabe-internacional-politica","category-ultimas-noticias"],"_links":{"self":[{"href":"https:\/\/archive.sana.sy\/es\/index.php?rest_route=\/wp\/v2\/posts\/162150"}],"collection":[{"href":"https:\/\/archive.sana.sy\/es\/index.php?rest_route=\/wp\/v2\/posts"}],"about":[{"href":"https:\/\/archive.sana.sy\/es\/index.php?rest_route=\/wp\/v2\/types\/post"}],"author":[{"embeddable":true,"href":"https:\/\/archive.sana.sy\/es\/index.php?rest_route=\/wp\/v2\/users\/34"}],"replies":[{"embeddable":true,"href":"https:\/\/archive.sana.sy\/es\/index.php?rest_route=%2Fwp%2Fv2%2Fcomments&post=162150"}],"version-history":[{"count":0,"href":"https:\/\/archive.sana.sy\/es\/index.php?rest_route=\/wp\/v2\/posts\/162150\/revisions"}],"wp:featuredmedia":[{"embeddable":true,"href":"https:\/\/archive.sana.sy\/es\/index.php?rest_route=\/wp\/v2\/media\/162151"}],"wp:attachment":[{"href":"https:\/\/archive.sana.sy\/es\/index.php?rest_route=%2Fwp%2Fv2%2Fmedia&parent=162150"}],"wp:term":[{"taxonomy":"category","embeddable":true,"href":"https:\/\/archive.sana.sy\/es\/index.php?rest_route=%2Fwp%2Fv2%2Fcategories&post=162150"},{"taxonomy":"post_tag","embeddable":true,"href":"https:\/\/archive.sana.sy\/es\/index.php?rest_route=%2Fwp%2Fv2%2Ftags&post=162150"}],"curies":[{"name":"wp","href":"https:\/\/api.w.org\/{rel}","templated":true}]}}