{"id":162250,"date":"2020-12-09T10:07:59","date_gmt":"2020-12-09T08:07:59","guid":{"rendered":"http:\/\/107.6.182.27\/es\/?p=162250"},"modified":"2023-01-12T14:42:31","modified_gmt":"2023-01-12T12:42:31","slug":"maduro-denuncia-nuevo-intento-de-asesinato-en-su-contra","status":"publish","type":"post","link":"https:\/\/archive.sana.sy\/es\/?p=162250","title":{"rendered":"Maduro denuncia nuevo intento de asesinato en su contra"},"content":{"rendered":"<p style=\"text-align: justify;\"><strong><span style=\"color: #800000;\">Caracas, SANA<\/span><\/strong><\/p>\n<p style=\"text-align: justify;\">El presidente venezolano, Nicol\u00e1s Maduro, revel\u00f3 un plan para asesinarlo durante las elecciones legislativas que se celebraron el 6 de diciembre.<\/p>\n<p style=\"text-align: justify;\">&#8220;Una fuente fidedigna de la inteligencia colombiana nos avis\u00f3 que se dio una orden para asesinarme lo que me oblig\u00f3 a cambiar el lugar de la urna electoral&#8221;, asegur\u00f3 el mandatario venezolano durante una rueda de prensa.<\/p>\n<p style=\"text-align: justify;\">Maduro acus\u00f3 a su hom\u00f3logo colombiano Evan Duque de preparar este atentado.<\/p>\n<p style=\"text-align: justify;\">El Partido Socialista Unificado de Venezuela (PSUV) anunci\u00f3 el domingo que hab\u00eda ganado las elecciones de la Asamblea Nacional con el 67 por ciento de los votos.<\/p>\n<p style=\"text-align: justify;\"><span style=\"color: #0000ff;\"><strong>ws\/fm<\/strong><\/span><\/p>\n","protected":false},"excerpt":{"rendered":"<p>Caracas, SANA El presidente venezolano, Nicol\u00e1s Maduro, revel\u00f3 un plan para asesinarlo durante las elecciones legislativas que se celebraron el 6 de diciembre. &#8220;Una fuente fidedigna de la inteligencia colombiana nos avis\u00f3 que se dio una orden para asesinarme lo que me oblig\u00f3 a cambiar el lugar de la urna electoral&#8221;, asegur\u00f3 el mandatario venezolano &hellip;<\/p>\n","protected":false},"author":35,"featured_media":162251,"comment_status":"closed","ping_status":"closed","sticky":false,"template":"","format":"standard","meta":{"footnotes":""},"categories":[597,456],"tags":[],"class_list":["post-162250","post","type-post","status-publish","format-standard","has-post-thumbnail","","category-cinta-de-noticias","category-arabe-internacional-politica"],"_links":{"self":[{"href":"https:\/\/archive.sana.sy\/es\/index.php?rest_route=\/wp\/v2\/posts\/162250"}],"collection":[{"href":"https:\/\/archive.sana.sy\/es\/index.php?rest_route=\/wp\/v2\/posts"}],"about":[{"href":"https:\/\/archive.sana.sy\/es\/index.php?rest_route=\/wp\/v2\/types\/post"}],"author":[{"embeddable":true,"href":"https:\/\/archive.sana.sy\/es\/index.php?rest_route=\/wp\/v2\/users\/35"}],"replies":[{"embeddable":true,"href":"https:\/\/archive.sana.sy\/es\/index.php?rest_route=%2Fwp%2Fv2%2Fcomments&post=162250"}],"version-history":[{"count":0,"href":"https:\/\/archive.sana.sy\/es\/index.php?rest_route=\/wp\/v2\/posts\/162250\/revisions"}],"wp:featuredmedia":[{"embeddable":true,"href":"https:\/\/archive.sana.sy\/es\/index.php?rest_route=\/wp\/v2\/media\/162251"}],"wp:attachment":[{"href":"https:\/\/archive.sana.sy\/es\/index.php?rest_route=%2Fwp%2Fv2%2Fmedia&parent=162250"}],"wp:term":[{"taxonomy":"category","embeddable":true,"href":"https:\/\/archive.sana.sy\/es\/index.php?rest_route=%2Fwp%2Fv2%2Fcategories&post=162250"},{"taxonomy":"post_tag","embeddable":true,"href":"https:\/\/archive.sana.sy\/es\/index.php?rest_route=%2Fwp%2Fv2%2Ftags&post=162250"}],"curies":[{"name":"wp","href":"https:\/\/api.w.org\/{rel}","templated":true}]}}