{"id":162275,"date":"2020-12-09T12:21:53","date_gmt":"2020-12-09T10:21:53","guid":{"rendered":"http:\/\/107.6.182.27\/es\/?p=162275"},"modified":"2020-12-09T12:21:53","modified_gmt":"2020-12-09T10:21:53","slug":"nuevo-gobernador-de-rif-dimashq-presta-juramento-legal-ante-el-presidente-al-assad-2","status":"publish","type":"post","link":"https:\/\/archive.sana.sy\/es\/?p=162275","title":{"rendered":"Nuevo gobernador de Rif Dimashq presta juramento legal ante el presidente Al-Assad"},"content":{"rendered":"<p style=\"text-align: justify;\"><span style=\"color: #800000;\"><strong>Damasco, SANA<\/strong><\/span><\/p>\n<p style=\"text-align: justify;\">El gobernador de la provincia de Damasco-campo (Rif Dimashq), el Ing. Moataz Abu Al-Nasr Jamran, prest\u00f3 el juramento legal ante el presidente Bashar Al-Assad.<\/p>\n<p style=\"text-align: justify;\">Despu\u00e9s del acto de prestar el juramento, el presidente recibi\u00f3 al nuevo gobernador, le dio instrucciones y le dese\u00f3 \u00e9xito en sus funciones.<\/p>\n<p style=\"text-align: justify;\">El d\u00eda 3 de este mes, el presidente al-Assad emiti\u00f3 el Decreto No. 326 de 2020 que designa a Moataz Abu al-Nasr Jamran como gobernador de Damasco-campo.<\/p>\n<p style=\"text-align: justify;\"><strong><span style=\"color: #0000ff;\">f.m\/ed\u00a0<\/span><\/strong><\/p>\n","protected":false},"excerpt":{"rendered":"<p>Damasco, SANA El gobernador de la provincia de Damasco-campo (Rif Dimashq), el Ing. Moataz Abu Al-Nasr Jamran, prest\u00f3 el juramento legal ante el presidente Bashar Al-Assad. Despu\u00e9s del acto de prestar el juramento, el presidente recibi\u00f3 al nuevo gobernador, le dio instrucciones y le dese\u00f3 \u00e9xito en sus funciones. El d\u00eda 3 de este mes, &hellip;<\/p>\n","protected":false},"author":32,"featured_media":162276,"comment_status":"closed","ping_status":"closed","sticky":false,"template":"","format":"standard","meta":{"footnotes":""},"categories":[597,16237,583],"tags":[],"class_list":["post-162275","post","type-post","status-publish","format-standard","has-post-thumbnail","","category-cinta-de-noticias","category-presidence-de-la-republique-arabe-syria","category-slide"],"_links":{"self":[{"href":"https:\/\/archive.sana.sy\/es\/index.php?rest_route=\/wp\/v2\/posts\/162275"}],"collection":[{"href":"https:\/\/archive.sana.sy\/es\/index.php?rest_route=\/wp\/v2\/posts"}],"about":[{"href":"https:\/\/archive.sana.sy\/es\/index.php?rest_route=\/wp\/v2\/types\/post"}],"author":[{"embeddable":true,"href":"https:\/\/archive.sana.sy\/es\/index.php?rest_route=\/wp\/v2\/users\/32"}],"replies":[{"embeddable":true,"href":"https:\/\/archive.sana.sy\/es\/index.php?rest_route=%2Fwp%2Fv2%2Fcomments&post=162275"}],"version-history":[{"count":0,"href":"https:\/\/archive.sana.sy\/es\/index.php?rest_route=\/wp\/v2\/posts\/162275\/revisions"}],"wp:featuredmedia":[{"embeddable":true,"href":"https:\/\/archive.sana.sy\/es\/index.php?rest_route=\/wp\/v2\/media\/162276"}],"wp:attachment":[{"href":"https:\/\/archive.sana.sy\/es\/index.php?rest_route=%2Fwp%2Fv2%2Fmedia&parent=162275"}],"wp:term":[{"taxonomy":"category","embeddable":true,"href":"https:\/\/archive.sana.sy\/es\/index.php?rest_route=%2Fwp%2Fv2%2Fcategories&post=162275"},{"taxonomy":"post_tag","embeddable":true,"href":"https:\/\/archive.sana.sy\/es\/index.php?rest_route=%2Fwp%2Fv2%2Ftags&post=162275"}],"curies":[{"name":"wp","href":"https:\/\/api.w.org\/{rel}","templated":true}]}}