{"id":162279,"date":"2020-12-09T10:25:23","date_gmt":"2020-12-09T08:25:23","guid":{"rendered":"http:\/\/107.6.182.27\/es\/?p=162279"},"modified":"2023-01-12T14:42:30","modified_gmt":"2023-01-12T12:42:30","slug":"el-virus-del-neo-otomanismo","status":"publish","type":"post","link":"https:\/\/archive.sana.sy\/es\/?p=162279","title":{"rendered":"El virus del &#8220;Neo-otomanismo&#8221;"},"content":{"rendered":"<p style=\"text-align: justify;\"><span style=\"color: #800000;\"><strong>Damasco, SANA<\/strong><\/span><\/p>\n<p style=\"text-align: justify;\">No le queda a la Turqu\u00eda &#8220;otomana&#8221; ning\u00fan amigo, y la teor\u00eda del &#8220;cero problemas&#8221; defendida hace diez a\u00f1os por el entonces ministro de Relaciones Exteriores del r\u00e9gimen turco, Ahmet Davutoglu, se convirti\u00f3 en &#8220;cero amigos&#8221; debido a las renovadas ambiciones que comenzaron a aparecer en forma de tensiones con la mayor\u00eda de los vecinos y otros pa\u00edses de la regi\u00f3n, bajo el r\u00e9gimen de Erdogan.<\/p>\n<p style=\"text-align: justify;\">La prensa griega describi\u00f3 con precisi\u00f3n las ambiciones otomanas y advirti\u00f3 que Occidente tiene ahora todos los motivos para preocuparse por la propagaci\u00f3n de la &#8220;pandemia del neo-otomanismo&#8221;, especialmente con el sentimiento de arrogancia del r\u00e9gimen turco tras su intervenci\u00f3n en la regi\u00f3n de Nagorno Karabaj y la expansi\u00f3n de sus ambiciones en el Mediterr\u00e1neo oriental, especialmente en las aguas territoriales de Grecia y Chipre, porque esta &#8220;pandemia&#8221; socava gravemente los intereses occidentales.<\/p>\n<p style=\"text-align: justify;\">Algunos art\u00edculos instaron a Grecia y Chipre, junto con pa\u00edses occidentales, a enfrentar esa propagaci\u00f3n excesiva del &#8220;virus del neo-otomanismo&#8221; y buscar una vacuna efectiva para \u00e9l, teniendo en cuenta que el &#8220;neo-otomanismo&#8221; de Erdogan no se detiene en ning\u00fan momento o l\u00edmite, ya que est\u00e1 en el camino de imponer la hegemon\u00eda regional sobre sus vecinos desde Siria hasta Irak, Armenia, Grecia, Egipto, Chipre y Libia.<\/p>\n<p style=\"text-align: justify;\">La comparaci\u00f3n entre el virus del &#8220;neo-otomanismo&#8221; y el &#8220;Coronavirus&#8221; muestra los riesgos reales que encierra el r\u00e9gimen turco y sus ambiciones sobre su entorno y evidencia la necesidad de que los pa\u00edses se unan y movilicen sus energ\u00edas para enfrentar esas ambiciones que amenazan la paz y la seguridad internacionales, tal como hicieron frente al nuevo coronavirus.<\/p>\n<p style=\"text-align: justify;\">No cabe duda de que las ambiciones del r\u00e9gimen turco de convertirse en un actor geopol\u00edtico en la regi\u00f3n del Mediterr\u00e1neo a base de alegaciones ilegales y consignas vac\u00edas para justificar su control sobre los recursos marinos de petr\u00f3leo y gas en las aguas territoriales de otros pa\u00edses, y las recientes operaciones de exploraci\u00f3n en las aguas regionales vecinas, inflaman las tensiones en esta sensible regi\u00f3n y amenaza con grandes cat\u00e1strofes humanitarias.<\/p>\n<p style=\"text-align: justify;\">El neo-otomanismo que representa el r\u00e9gimen turco no solo constituye una amenaza para Siria al ocupar su territorio, desplazar a los sirios del norte del pa\u00eds y trabajar en la turquizaci\u00f3n de los planes de estudio educativos, los nombres de las calles y las instituciones, imponer la moneda turca y robar el trigo y la aceituna, sino que representa una amenaza para Europa, Rusia y su entorno regional porque este r\u00e9gimen no deja de amenazar con la guerra como lo hace con su vecino Grecia, miembro de la Uni\u00f3n Europea y de la OTAN.<\/p>\n<p style=\"text-align: justify;\">Del &#8220;huevo de la serpiente&#8221; sali\u00f3 el monstruo del &#8220;neo-otomanismo&#8221; y levant\u00f3 la cabeza amenazadoramente en medio de una ausencia internacional y abandono europeo, y si los pa\u00edses europeos y \u00e1rabes, incluida Rusia, no se mueven para rodear a esa bestia antes de que fuera demasiado tarde, ninguna &#8220;vacuna&#8221; funcionar\u00eda contra \u00e9l.<\/p>\n<p style=\"text-align: justify;\"><span style=\"color: #800000;\"><strong>Por Abdul Rahim Ahmed<\/strong><\/span><\/p>\n<p style=\"text-align: justify;\"><strong><span style=\"color: #0000ff;\">fm\/ed<\/span><\/strong><\/p>\n","protected":false},"excerpt":{"rendered":"<p>Damasco, SANA No le queda a la Turqu\u00eda &#8220;otomana&#8221; ning\u00fan amigo, y la teor\u00eda del &#8220;cero problemas&#8221; defendida hace diez a\u00f1os por el entonces ministro de Relaciones Exteriores del r\u00e9gimen turco, Ahmet Davutoglu, se convirti\u00f3 en &#8220;cero amigos&#8221; debido a las renovadas ambiciones que comenzaron a aparecer en forma de tensiones con la mayor\u00eda de &hellip;<\/p>\n","protected":false},"author":32,"featured_media":162280,"comment_status":"closed","ping_status":"closed","sticky":false,"template":"","format":"standard","meta":{"footnotes":""},"categories":[16929,597,456,7541],"tags":[],"class_list":["post-162279","post","type-post","status-publish","format-standard","has-post-thumbnail","","category-articulos-de-opinion","category-cinta-de-noticias","category-arabe-internacional-politica","category-ultimas-noticias"],"_links":{"self":[{"href":"https:\/\/archive.sana.sy\/es\/index.php?rest_route=\/wp\/v2\/posts\/162279"}],"collection":[{"href":"https:\/\/archive.sana.sy\/es\/index.php?rest_route=\/wp\/v2\/posts"}],"about":[{"href":"https:\/\/archive.sana.sy\/es\/index.php?rest_route=\/wp\/v2\/types\/post"}],"author":[{"embeddable":true,"href":"https:\/\/archive.sana.sy\/es\/index.php?rest_route=\/wp\/v2\/users\/32"}],"replies":[{"embeddable":true,"href":"https:\/\/archive.sana.sy\/es\/index.php?rest_route=%2Fwp%2Fv2%2Fcomments&post=162279"}],"version-history":[{"count":0,"href":"https:\/\/archive.sana.sy\/es\/index.php?rest_route=\/wp\/v2\/posts\/162279\/revisions"}],"wp:featuredmedia":[{"embeddable":true,"href":"https:\/\/archive.sana.sy\/es\/index.php?rest_route=\/wp\/v2\/media\/162280"}],"wp:attachment":[{"href":"https:\/\/archive.sana.sy\/es\/index.php?rest_route=%2Fwp%2Fv2%2Fmedia&parent=162279"}],"wp:term":[{"taxonomy":"category","embeddable":true,"href":"https:\/\/archive.sana.sy\/es\/index.php?rest_route=%2Fwp%2Fv2%2Fcategories&post=162279"},{"taxonomy":"post_tag","embeddable":true,"href":"https:\/\/archive.sana.sy\/es\/index.php?rest_route=%2Fwp%2Fv2%2Ftags&post=162279"}],"curies":[{"name":"wp","href":"https:\/\/api.w.org\/{rel}","templated":true}]}}