{"id":162287,"date":"2020-12-09T09:49:13","date_gmt":"2020-12-09T07:49:13","guid":{"rendered":"http:\/\/107.6.182.27\/es\/?p=162287"},"modified":"2023-01-12T14:42:31","modified_gmt":"2023-01-12T12:42:31","slug":"biden-nombra-al-general-lloyd-austin-como-primer-jefe-afroamericano-del-pentagono","status":"publish","type":"post","link":"https:\/\/archive.sana.sy\/es\/?p=162287","title":{"rendered":"Biden nombra al general Lloyd Austin como primer jefe afroamericano del Pent\u00e1gono"},"content":{"rendered":"<p style=\"text-align: justify;\"><span style=\"color: #800000;\"><strong>Washington, SANA <\/strong><\/span><\/p>\n<p style=\"text-align: justify;\">El presidente electo de Estados Unidos, Joe Biden, nombr\u00f3 al general retirado del ej\u00e9rcito Lloyd Austin como secretario de Defensa, quien se convertir\u00eda en el primer afroestadounidense en dirigir el Pent\u00e1gono.<\/p>\n<p style=\"text-align: justify;\">Austin de 67 a\u00f1os de edad, est\u00e1 calificado para enfrentar los desaf\u00edos y las crisis que enfrentamos en este momento&#8221;, dijo Biden en un comunicado citado por la agencia France-Presse.<\/p>\n<p style=\"text-align: justify;\">Austin se retir\u00f3 del ej\u00e9rcito en 2016 despu\u00e9s de m\u00e1s de 40 a\u00f1os de servicio y asumir este cargo no es seguro, ya que los parlamentarios y expertos en seguridad nacional declararon su oposici\u00f3n a esta designaci\u00f3n, se\u00f1alando que su per\u00edodo de retiro a\u00fan es de menos de siete a\u00f1os.<\/p>\n<p style=\"text-align: justify;\">El Congreso adopt\u00f3 una regla que establece que cualquier exmilitar candidato para hacerse cargo del Departamento de Defensa deber\u00eda cumplir al menos siete a\u00f1os de retiro.<\/p>\n<p style=\"text-align: justify;\"><strong><span style=\"color: #0000ff;\">ed\/fm<\/span><\/strong><\/p>\n","protected":false},"excerpt":{"rendered":"<p>Washington, SANA El presidente electo de Estados Unidos, Joe Biden, nombr\u00f3 al general retirado del ej\u00e9rcito Lloyd Austin como secretario de Defensa, quien se convertir\u00eda en el primer afroestadounidense en dirigir el Pent\u00e1gono. Austin de 67 a\u00f1os de edad, est\u00e1 calificado para enfrentar los desaf\u00edos y las crisis que enfrentamos en este momento&#8221;, dijo Biden &hellip;<\/p>\n","protected":false},"author":32,"featured_media":162248,"comment_status":"closed","ping_status":"closed","sticky":false,"template":"","format":"standard","meta":{"footnotes":""},"categories":[597,456],"tags":[],"class_list":["post-162287","post","type-post","status-publish","format-standard","has-post-thumbnail","","category-cinta-de-noticias","category-arabe-internacional-politica"],"_links":{"self":[{"href":"https:\/\/archive.sana.sy\/es\/index.php?rest_route=\/wp\/v2\/posts\/162287"}],"collection":[{"href":"https:\/\/archive.sana.sy\/es\/index.php?rest_route=\/wp\/v2\/posts"}],"about":[{"href":"https:\/\/archive.sana.sy\/es\/index.php?rest_route=\/wp\/v2\/types\/post"}],"author":[{"embeddable":true,"href":"https:\/\/archive.sana.sy\/es\/index.php?rest_route=\/wp\/v2\/users\/32"}],"replies":[{"embeddable":true,"href":"https:\/\/archive.sana.sy\/es\/index.php?rest_route=%2Fwp%2Fv2%2Fcomments&post=162287"}],"version-history":[{"count":0,"href":"https:\/\/archive.sana.sy\/es\/index.php?rest_route=\/wp\/v2\/posts\/162287\/revisions"}],"wp:featuredmedia":[{"embeddable":true,"href":"https:\/\/archive.sana.sy\/es\/index.php?rest_route=\/wp\/v2\/media\/162248"}],"wp:attachment":[{"href":"https:\/\/archive.sana.sy\/es\/index.php?rest_route=%2Fwp%2Fv2%2Fmedia&parent=162287"}],"wp:term":[{"taxonomy":"category","embeddable":true,"href":"https:\/\/archive.sana.sy\/es\/index.php?rest_route=%2Fwp%2Fv2%2Fcategories&post=162287"},{"taxonomy":"post_tag","embeddable":true,"href":"https:\/\/archive.sana.sy\/es\/index.php?rest_route=%2Fwp%2Fv2%2Ftags&post=162287"}],"curies":[{"name":"wp","href":"https:\/\/api.w.org\/{rel}","templated":true}]}}