{"id":162374,"date":"2020-12-10T09:06:40","date_gmt":"2020-12-10T07:06:40","guid":{"rendered":"http:\/\/107.6.182.27\/es\/?p=162374"},"modified":"2020-12-10T12:13:11","modified_gmt":"2020-12-10T10:13:11","slug":"hospitales-de-damasco-preparados-ante-incremento-de-casos-con-covid-19-fotos","status":"publish","type":"post","link":"https:\/\/archive.sana.sy\/es\/?p=162374","title":{"rendered":"Hospitales de Damasco preparados ante incremento de casos con Covid-19 (fotos)"},"content":{"rendered":"<p style=\"text-align: justify;\"><span style=\"color: #800000;\"><strong>Damasco, SANA<\/strong><\/span><\/p>\n<p style=\"text-align: justify;\">El Ministro de Salud, Hassan Ghobash, inspeccion\u00f3 las condiciones y la realidad de varios hospitales p\u00fablicos y privados en Damasco y su respuesta al Plan B, que incluye ampliar los departamentos de aislamiento y movilizar el personal m\u00e9dico y t\u00e9cnico para hacer frente a la Covid-19.<\/p>\n<p style=\"text-align: justify;\">En una declaraci\u00f3n a la prensa, Ghobash elogi\u00f3 los esfuerzos del personal m\u00e9dico durante esa etapa y la necesidad de brindarle apoyo moral, e indic\u00f3 que el Ministerio est\u00e1 constantemente al tanto del n\u00famero de camas disponibles dentro de los hospitales y est\u00e1 trabajando para asegurar el apoyo al personal de salud en todas sus formas.<\/p>\n<p style=\"text-align: justify;\">El Director del Hospital Ibn Al-Nafees, Nizar Ibrahim, indic\u00f3 que el n\u00famero de casos infectados con Corona aument\u00f3 en un 15 por ciento, mientras que el porcentaje de ocupaci\u00f3n en cuidados intensivos alcanz\u00f3 el 80 por ciento.<\/p>\n<p style=\"text-align: justify;\">Por su parte, el Director del Hospital de Emergencias en la ciudad deportiva de Al-Fayhaa, Yasser Zahra, explic\u00f3 que el hospital tiene una capacidad de 120 camas y cuenta con especialistas, m\u00e9dicos residentes, personal de enfermer\u00eda y t\u00e9cnicos de anestesia.<\/p>\n<p style=\"text-align: justify;\">Ahmed Abbas, el Director del Hospital Al-Mujtahid, indic\u00f3 que desde el inicio de la pandemia, el hospital ha estado trabajando para enfrentarla plenamente y su instituci\u00f3n tiene una capacidad de alrededor de 47 pacientes.<\/p>\n<p style=\"text-align: justify;\">El Director General del Hospital Universitario Mouwasat, Essam Zakaria Al-Amin, indic\u00f3 que su instituci\u00f3n est\u00e1 totalmente equipada para recibir cualquier caso y que el hospital tiene 60 casos ingresados confirmados de Covid1-19.<\/p>\n<p style=\"text-align: justify;\"><strong><span style=\"color: #0000ff;\">fm\/ed<\/span><\/strong><\/p>\n<div id='gallery-1' class='gallery galleryid-162374 gallery-columns-1 gallery-size-full'><figure class='gallery-item'>\n\t\t\t<div class='gallery-icon landscape'>\n\t\t\t\t<a href='https:\/\/archive.sana.sy\/es\/wp-content\/uploads\/2020\/12\/photo_2020-12-10_08-59-58.jpg'><img loading=\"lazy\" decoding=\"async\" width=\"1280\" height=\"852\" src=\"https:\/\/archive.sana.sy\/es\/wp-content\/uploads\/2020\/12\/photo_2020-12-10_08-59-58.jpg\" class=\"attachment-full size-full\" alt=\"\" srcset=\"https:\/\/archive.sana.sy\/es\/wp-content\/uploads\/2020\/12\/photo_2020-12-10_08-59-58.jpg 1280w, https:\/\/archive.sana.sy\/es\/wp-content\/uploads\/2020\/12\/photo_2020-12-10_08-59-58-300x200.jpg 300w, https:\/\/archive.sana.sy\/es\/wp-content\/uploads\/2020\/12\/photo_2020-12-10_08-59-58-1024x682.jpg 1024w, https:\/\/archive.sana.sy\/es\/wp-content\/uploads\/2020\/12\/photo_2020-12-10_08-59-58-150x100.jpg 150w, https:\/\/archive.sana.sy\/es\/wp-content\/uploads\/2020\/12\/photo_2020-12-10_08-59-58-768x511.jpg 768w, https:\/\/archive.sana.sy\/es\/wp-content\/uploads\/2020\/12\/photo_2020-12-10_08-59-58-310x205.jpg 310w\" sizes=\"(max-width: 1280px) 100vw, 1280px\" \/><\/a>\n\t\t\t<\/div><\/figure><figure class='gallery-item'>\n\t\t\t<div class='gallery-icon landscape'>\n\t\t\t\t<a href='https:\/\/archive.sana.sy\/es\/wp-content\/uploads\/2020\/12\/photo_2020-12-10_09-00-03.jpg'><img loading=\"lazy\" decoding=\"async\" width=\"1280\" height=\"852\" src=\"https:\/\/archive.sana.sy\/es\/wp-content\/uploads\/2020\/12\/photo_2020-12-10_09-00-03.jpg\" class=\"attachment-full size-full\" alt=\"\" srcset=\"https:\/\/archive.sana.sy\/es\/wp-content\/uploads\/2020\/12\/photo_2020-12-10_09-00-03.jpg 1280w, https:\/\/archive.sana.sy\/es\/wp-content\/uploads\/2020\/12\/photo_2020-12-10_09-00-03-300x200.jpg 300w, https:\/\/archive.sana.sy\/es\/wp-content\/uploads\/2020\/12\/photo_2020-12-10_09-00-03-1024x682.jpg 1024w, https:\/\/archive.sana.sy\/es\/wp-content\/uploads\/2020\/12\/photo_2020-12-10_09-00-03-150x100.jpg 150w, https:\/\/archive.sana.sy\/es\/wp-content\/uploads\/2020\/12\/photo_2020-12-10_09-00-03-768x511.jpg 768w, https:\/\/archive.sana.sy\/es\/wp-content\/uploads\/2020\/12\/photo_2020-12-10_09-00-03-310x205.jpg 310w\" sizes=\"(max-width: 1280px) 100vw, 1280px\" \/><\/a>\n\t\t\t<\/div><\/figure><figure class='gallery-item'>\n\t\t\t<div class='gallery-icon landscape'>\n\t\t\t\t<a href='https:\/\/archive.sana.sy\/es\/wp-content\/uploads\/2020\/12\/photo_2020-12-10_09-00-09.jpg'><img loading=\"lazy\" decoding=\"async\" width=\"1280\" height=\"852\" src=\"https:\/\/archive.sana.sy\/es\/wp-content\/uploads\/2020\/12\/photo_2020-12-10_09-00-09.jpg\" class=\"attachment-full size-full\" alt=\"\" srcset=\"https:\/\/archive.sana.sy\/es\/wp-content\/uploads\/2020\/12\/photo_2020-12-10_09-00-09.jpg 1280w, https:\/\/archive.sana.sy\/es\/wp-content\/uploads\/2020\/12\/photo_2020-12-10_09-00-09-300x200.jpg 300w, https:\/\/archive.sana.sy\/es\/wp-content\/uploads\/2020\/12\/photo_2020-12-10_09-00-09-1024x682.jpg 1024w, https:\/\/archive.sana.sy\/es\/wp-content\/uploads\/2020\/12\/photo_2020-12-10_09-00-09-150x100.jpg 150w, https:\/\/archive.sana.sy\/es\/wp-content\/uploads\/2020\/12\/photo_2020-12-10_09-00-09-768x511.jpg 768w, https:\/\/archive.sana.sy\/es\/wp-content\/uploads\/2020\/12\/photo_2020-12-10_09-00-09-310x205.jpg 310w\" sizes=\"(max-width: 1280px) 100vw, 1280px\" \/><\/a>\n\t\t\t<\/div><\/figure><figure class='gallery-item'>\n\t\t\t<div class='gallery-icon landscape'>\n\t\t\t\t<a href='https:\/\/archive.sana.sy\/es\/wp-content\/uploads\/2020\/12\/photo_2020-12-10_09-00-15.jpg'><img loading=\"lazy\" decoding=\"async\" width=\"1280\" height=\"852\" src=\"https:\/\/archive.sana.sy\/es\/wp-content\/uploads\/2020\/12\/photo_2020-12-10_09-00-15.jpg\" class=\"attachment-full size-full\" alt=\"\" srcset=\"https:\/\/archive.sana.sy\/es\/wp-content\/uploads\/2020\/12\/photo_2020-12-10_09-00-15.jpg 1280w, https:\/\/archive.sana.sy\/es\/wp-content\/uploads\/2020\/12\/photo_2020-12-10_09-00-15-300x200.jpg 300w, https:\/\/archive.sana.sy\/es\/wp-content\/uploads\/2020\/12\/photo_2020-12-10_09-00-15-1024x682.jpg 1024w, https:\/\/archive.sana.sy\/es\/wp-content\/uploads\/2020\/12\/photo_2020-12-10_09-00-15-150x100.jpg 150w, https:\/\/archive.sana.sy\/es\/wp-content\/uploads\/2020\/12\/photo_2020-12-10_09-00-15-768x511.jpg 768w, https:\/\/archive.sana.sy\/es\/wp-content\/uploads\/2020\/12\/photo_2020-12-10_09-00-15-310x205.jpg 310w\" sizes=\"(max-width: 1280px) 100vw, 1280px\" \/><\/a>\n\t\t\t<\/div><\/figure><figure class='gallery-item'>\n\t\t\t<div class='gallery-icon landscape'>\n\t\t\t\t<a href='https:\/\/archive.sana.sy\/es\/wp-content\/uploads\/2020\/12\/photo_2020-12-10_09-00-20.jpg'><img loading=\"lazy\" decoding=\"async\" width=\"1280\" height=\"852\" src=\"https:\/\/archive.sana.sy\/es\/wp-content\/uploads\/2020\/12\/photo_2020-12-10_09-00-20.jpg\" class=\"attachment-full size-full\" alt=\"\" srcset=\"https:\/\/archive.sana.sy\/es\/wp-content\/uploads\/2020\/12\/photo_2020-12-10_09-00-20.jpg 1280w, https:\/\/archive.sana.sy\/es\/wp-content\/uploads\/2020\/12\/photo_2020-12-10_09-00-20-300x200.jpg 300w, https:\/\/archive.sana.sy\/es\/wp-content\/uploads\/2020\/12\/photo_2020-12-10_09-00-20-1024x682.jpg 1024w, https:\/\/archive.sana.sy\/es\/wp-content\/uploads\/2020\/12\/photo_2020-12-10_09-00-20-150x100.jpg 150w, https:\/\/archive.sana.sy\/es\/wp-content\/uploads\/2020\/12\/photo_2020-12-10_09-00-20-768x511.jpg 768w, https:\/\/archive.sana.sy\/es\/wp-content\/uploads\/2020\/12\/photo_2020-12-10_09-00-20-310x205.jpg 310w\" sizes=\"(max-width: 1280px) 100vw, 1280px\" \/><\/a>\n\t\t\t<\/div><\/figure><figure class='gallery-item'>\n\t\t\t<div class='gallery-icon landscape'>\n\t\t\t\t<a href='https:\/\/archive.sana.sy\/es\/wp-content\/uploads\/2020\/12\/photo_2020-12-10_09-00-25.jpg'><img loading=\"lazy\" decoding=\"async\" width=\"1280\" height=\"852\" src=\"https:\/\/archive.sana.sy\/es\/wp-content\/uploads\/2020\/12\/photo_2020-12-10_09-00-25.jpg\" class=\"attachment-full size-full\" alt=\"\" srcset=\"https:\/\/archive.sana.sy\/es\/wp-content\/uploads\/2020\/12\/photo_2020-12-10_09-00-25.jpg 1280w, https:\/\/archive.sana.sy\/es\/wp-content\/uploads\/2020\/12\/photo_2020-12-10_09-00-25-300x200.jpg 300w, https:\/\/archive.sana.sy\/es\/wp-content\/uploads\/2020\/12\/photo_2020-12-10_09-00-25-1024x682.jpg 1024w, https:\/\/archive.sana.sy\/es\/wp-content\/uploads\/2020\/12\/photo_2020-12-10_09-00-25-150x100.jpg 150w, https:\/\/archive.sana.sy\/es\/wp-content\/uploads\/2020\/12\/photo_2020-12-10_09-00-25-768x511.jpg 768w, https:\/\/archive.sana.sy\/es\/wp-content\/uploads\/2020\/12\/photo_2020-12-10_09-00-25-310x205.jpg 310w\" sizes=\"(max-width: 1280px) 100vw, 1280px\" \/><\/a>\n\t\t\t<\/div><\/figure><figure class='gallery-item'>\n\t\t\t<div class='gallery-icon landscape'>\n\t\t\t\t<a href='https:\/\/archive.sana.sy\/es\/wp-content\/uploads\/2020\/12\/photo_2020-12-10_09-00-29.jpg'><img loading=\"lazy\" decoding=\"async\" width=\"1280\" height=\"852\" src=\"https:\/\/archive.sana.sy\/es\/wp-content\/uploads\/2020\/12\/photo_2020-12-10_09-00-29.jpg\" class=\"attachment-full size-full\" alt=\"\" srcset=\"https:\/\/archive.sana.sy\/es\/wp-content\/uploads\/2020\/12\/photo_2020-12-10_09-00-29.jpg 1280w, https:\/\/archive.sana.sy\/es\/wp-content\/uploads\/2020\/12\/photo_2020-12-10_09-00-29-300x200.jpg 300w, https:\/\/archive.sana.sy\/es\/wp-content\/uploads\/2020\/12\/photo_2020-12-10_09-00-29-1024x682.jpg 1024w, https:\/\/archive.sana.sy\/es\/wp-content\/uploads\/2020\/12\/photo_2020-12-10_09-00-29-150x100.jpg 150w, https:\/\/archive.sana.sy\/es\/wp-content\/uploads\/2020\/12\/photo_2020-12-10_09-00-29-768x511.jpg 768w, https:\/\/archive.sana.sy\/es\/wp-content\/uploads\/2020\/12\/photo_2020-12-10_09-00-29-310x205.jpg 310w\" sizes=\"(max-width: 1280px) 100vw, 1280px\" \/><\/a>\n\t\t\t<\/div><\/figure><figure class='gallery-item'>\n\t\t\t<div class='gallery-icon landscape'>\n\t\t\t\t<a href='https:\/\/archive.sana.sy\/es\/wp-content\/uploads\/2020\/12\/photo_2020-12-10_09-00-34.jpg'><img loading=\"lazy\" decoding=\"async\" width=\"1280\" height=\"852\" src=\"https:\/\/archive.sana.sy\/es\/wp-content\/uploads\/2020\/12\/photo_2020-12-10_09-00-34.jpg\" class=\"attachment-full size-full\" alt=\"\" srcset=\"https:\/\/archive.sana.sy\/es\/wp-content\/uploads\/2020\/12\/photo_2020-12-10_09-00-34.jpg 1280w, https:\/\/archive.sana.sy\/es\/wp-content\/uploads\/2020\/12\/photo_2020-12-10_09-00-34-300x200.jpg 300w, https:\/\/archive.sana.sy\/es\/wp-content\/uploads\/2020\/12\/photo_2020-12-10_09-00-34-1024x682.jpg 1024w, https:\/\/archive.sana.sy\/es\/wp-content\/uploads\/2020\/12\/photo_2020-12-10_09-00-34-150x100.jpg 150w, https:\/\/archive.sana.sy\/es\/wp-content\/uploads\/2020\/12\/photo_2020-12-10_09-00-34-768x511.jpg 768w, https:\/\/archive.sana.sy\/es\/wp-content\/uploads\/2020\/12\/photo_2020-12-10_09-00-34-310x205.jpg 310w\" sizes=\"(max-width: 1280px) 100vw, 1280px\" \/><\/a>\n\t\t\t<\/div><\/figure>\n\t\t<\/div>\n\n","protected":false},"excerpt":{"rendered":"<p>Damasco, SANA El Ministro de Salud, Hassan Ghobash, inspeccion\u00f3 las condiciones y la realidad de varios hospitales p\u00fablicos y privados en Damasco y su respuesta al Plan B, que incluye ampliar los departamentos de aislamiento y movilizar el personal m\u00e9dico y t\u00e9cnico para hacer frente a la Covid-19. En una declaraci\u00f3n a la prensa, Ghobash &hellip;<\/p>\n","protected":false},"author":32,"featured_media":162383,"comment_status":"closed","ping_status":"closed","sticky":false,"template":"","format":"standard","meta":{"footnotes":""},"categories":[477,447,597,476,7541],"tags":[],"class_list":["post-162374","post","type-post","status-publish","format-standard","has-post-thumbnail","","category-noticias-edulcorantes","category-local-politica","category-cinta-de-noticias","category-locales","category-ultimas-noticias"],"_links":{"self":[{"href":"https:\/\/archive.sana.sy\/es\/index.php?rest_route=\/wp\/v2\/posts\/162374"}],"collection":[{"href":"https:\/\/archive.sana.sy\/es\/index.php?rest_route=\/wp\/v2\/posts"}],"about":[{"href":"https:\/\/archive.sana.sy\/es\/index.php?rest_route=\/wp\/v2\/types\/post"}],"author":[{"embeddable":true,"href":"https:\/\/archive.sana.sy\/es\/index.php?rest_route=\/wp\/v2\/users\/32"}],"replies":[{"embeddable":true,"href":"https:\/\/archive.sana.sy\/es\/index.php?rest_route=%2Fwp%2Fv2%2Fcomments&post=162374"}],"version-history":[{"count":0,"href":"https:\/\/archive.sana.sy\/es\/index.php?rest_route=\/wp\/v2\/posts\/162374\/revisions"}],"wp:featuredmedia":[{"embeddable":true,"href":"https:\/\/archive.sana.sy\/es\/index.php?rest_route=\/wp\/v2\/media\/162383"}],"wp:attachment":[{"href":"https:\/\/archive.sana.sy\/es\/index.php?rest_route=%2Fwp%2Fv2%2Fmedia&parent=162374"}],"wp:term":[{"taxonomy":"category","embeddable":true,"href":"https:\/\/archive.sana.sy\/es\/index.php?rest_route=%2Fwp%2Fv2%2Fcategories&post=162374"},{"taxonomy":"post_tag","embeddable":true,"href":"https:\/\/archive.sana.sy\/es\/index.php?rest_route=%2Fwp%2Fv2%2Ftags&post=162374"}],"curies":[{"name":"wp","href":"https:\/\/api.w.org\/{rel}","templated":true}]}}