{"id":162388,"date":"2020-12-10T07:00:34","date_gmt":"2020-12-10T05:00:34","guid":{"rendered":"http:\/\/107.6.182.27\/es\/?p=162388"},"modified":"2023-01-12T14:42:30","modified_gmt":"2023-01-12T12:42:30","slug":"fuerzas-sionistas-arrestan-a-cinco-palestinos-en-cisjordania","status":"publish","type":"post","link":"https:\/\/archive.sana.sy\/es\/?p=162388","title":{"rendered":"Fuerzas sionistas arrestan a cinco palestinos en Cisjordania"},"content":{"rendered":"<p style=\"text-align: justify;\"><strong><span style=\"color: #800000;\">\u00a0Jerusal\u00e9n ocupada, SANA<\/span> <\/strong><\/p>\n<p style=\"text-align: justify;\">Las tropas sionistas arrestaron a cinco palestinos en diferentes partes de Cisjordania.<\/p>\n<p style=\"text-align: justify;\">Seg\u00fan difundi\u00f3 la agencia palestina Wafa , los ocupantes irrumpieron en las localidades de Kobar al noroeste de Ramallah y Sheikhs en el noreste de Hebr\u00f3n, donde allanaron las casas palestinas, y arrestaron a cinco de sus habitantes.<\/p>\n<p style=\"text-align: justify;\">\u00a0En la v\u00edspera, los militares israel\u00edes arrestaron a 18 palestinos en Cisjordania.<\/p>\n<p style=\"text-align: justify;\"><strong><span style=\"color: #0000ff;\">ed\/fm<\/span><\/strong><\/p>\n","protected":false},"excerpt":{"rendered":"<p>\u00a0Jerusal\u00e9n ocupada, SANA Las tropas sionistas arrestaron a cinco palestinos en diferentes partes de Cisjordania. Seg\u00fan difundi\u00f3 la agencia palestina Wafa , los ocupantes irrumpieron en las localidades de Kobar al noroeste de Ramallah y Sheikhs en el noreste de Hebr\u00f3n, donde allanaron las casas palestinas, y arrestaron a cinco de sus habitantes. \u00a0En la &hellip;<\/p>\n","protected":false},"author":32,"featured_media":162389,"comment_status":"closed","ping_status":"closed","sticky":false,"template":"","format":"standard","meta":{"footnotes":""},"categories":[597,456,7541],"tags":[],"class_list":["post-162388","post","type-post","status-publish","format-standard","has-post-thumbnail","","category-cinta-de-noticias","category-arabe-internacional-politica","category-ultimas-noticias"],"_links":{"self":[{"href":"https:\/\/archive.sana.sy\/es\/index.php?rest_route=\/wp\/v2\/posts\/162388"}],"collection":[{"href":"https:\/\/archive.sana.sy\/es\/index.php?rest_route=\/wp\/v2\/posts"}],"about":[{"href":"https:\/\/archive.sana.sy\/es\/index.php?rest_route=\/wp\/v2\/types\/post"}],"author":[{"embeddable":true,"href":"https:\/\/archive.sana.sy\/es\/index.php?rest_route=\/wp\/v2\/users\/32"}],"replies":[{"embeddable":true,"href":"https:\/\/archive.sana.sy\/es\/index.php?rest_route=%2Fwp%2Fv2%2Fcomments&post=162388"}],"version-history":[{"count":0,"href":"https:\/\/archive.sana.sy\/es\/index.php?rest_route=\/wp\/v2\/posts\/162388\/revisions"}],"wp:featuredmedia":[{"embeddable":true,"href":"https:\/\/archive.sana.sy\/es\/index.php?rest_route=\/wp\/v2\/media\/162389"}],"wp:attachment":[{"href":"https:\/\/archive.sana.sy\/es\/index.php?rest_route=%2Fwp%2Fv2%2Fmedia&parent=162388"}],"wp:term":[{"taxonomy":"category","embeddable":true,"href":"https:\/\/archive.sana.sy\/es\/index.php?rest_route=%2Fwp%2Fv2%2Fcategories&post=162388"},{"taxonomy":"post_tag","embeddable":true,"href":"https:\/\/archive.sana.sy\/es\/index.php?rest_route=%2Fwp%2Fv2%2Ftags&post=162388"}],"curies":[{"name":"wp","href":"https:\/\/api.w.org\/{rel}","templated":true}]}}