{"id":162391,"date":"2020-12-10T12:01:44","date_gmt":"2020-12-10T10:01:44","guid":{"rendered":"http:\/\/107.6.182.27\/es\/?p=162391"},"modified":"2020-12-10T12:01:44","modified_gmt":"2020-12-10T10:01:44","slug":"ultima-hora-la-republica-arabe-siria-expresa-su-suma-satisfaccion-por-los-resultados-de-las-elecciones-legislativas-en-venezuela-anuncia-el-ministerio-de-relaciones-exteriores-y-expatriados","status":"publish","type":"post","link":"https:\/\/archive.sana.sy\/es\/?p=162391","title":{"rendered":"\u00daLTIMA HORA : La Rep\u00fablica \u00c1rabe Siria expresa su suma satisfacci\u00f3n por los resultados de las elecciones legislativas en Venezuela, anuncia el Ministerio de Relaciones Exteriores y Expatriados."},"content":{"rendered":"","protected":false},"excerpt":{"rendered":"","protected":false},"author":32,"featured_media":0,"comment_status":"closed","ping_status":"closed","sticky":false,"template":"","format":"standard","meta":{"footnotes":""},"categories":[596],"tags":[],"class_list":["post-162391","post","type-post","status-publish","format-standard","","category-urgente"],"_links":{"self":[{"href":"https:\/\/archive.sana.sy\/es\/index.php?rest_route=\/wp\/v2\/posts\/162391"}],"collection":[{"href":"https:\/\/archive.sana.sy\/es\/index.php?rest_route=\/wp\/v2\/posts"}],"about":[{"href":"https:\/\/archive.sana.sy\/es\/index.php?rest_route=\/wp\/v2\/types\/post"}],"author":[{"embeddable":true,"href":"https:\/\/archive.sana.sy\/es\/index.php?rest_route=\/wp\/v2\/users\/32"}],"replies":[{"embeddable":true,"href":"https:\/\/archive.sana.sy\/es\/index.php?rest_route=%2Fwp%2Fv2%2Fcomments&post=162391"}],"version-history":[{"count":0,"href":"https:\/\/archive.sana.sy\/es\/index.php?rest_route=\/wp\/v2\/posts\/162391\/revisions"}],"wp:attachment":[{"href":"https:\/\/archive.sana.sy\/es\/index.php?rest_route=%2Fwp%2Fv2%2Fmedia&parent=162391"}],"wp:term":[{"taxonomy":"category","embeddable":true,"href":"https:\/\/archive.sana.sy\/es\/index.php?rest_route=%2Fwp%2Fv2%2Fcategories&post=162391"},{"taxonomy":"post_tag","embeddable":true,"href":"https:\/\/archive.sana.sy\/es\/index.php?rest_route=%2Fwp%2Fv2%2Ftags&post=162391"}],"curies":[{"name":"wp","href":"https:\/\/api.w.org\/{rel}","templated":true}]}}