{"id":162393,"date":"2020-12-10T12:13:08","date_gmt":"2020-12-10T10:13:08","guid":{"rendered":"http:\/\/107.6.182.27\/es\/?p=162393"},"modified":"2020-12-10T12:32:59","modified_gmt":"2020-12-10T10:32:59","slug":"siria-felicita-a-venezuela-por-el-exito-de-las-elecciones-representaron-una-derrota-al-enfoque-de-soberbia-que-ejerce-ee-uu","status":"publish","type":"post","link":"https:\/\/archive.sana.sy\/es\/?p=162393","title":{"rendered":"Siria felicita a Venezuela por el \u00e9xito de las elecciones; representaron una derrota al enfoque de soberbia que ejerce EE.UU"},"content":{"rendered":"<p style=\"text-align: justify;\"><span style=\"color: #800000;\"><strong>Damasco, SANA<\/strong><\/span><\/p>\n<p style=\"text-align: justify;\">La Rep\u00fablica \u00c1rabe Siria expresa hoy su suma satisfacci\u00f3n por los resultados de las elecciones legislativas en Venezuela.<\/p>\n<p style=\"text-align: justify;\">&#8220;Siria expresa su m\u00e1s sincera felicitaci\u00f3n a la amiga Rep\u00fablica Bolivariana de Venezuela y a su direcci\u00f3n, gobierno y pueblo, por el \u00e9xito del proceso electoral&#8221;, manifest\u00f3 el Ministerio de Exteriores y Expatriados en un comunicado.<\/p>\n<p style=\"text-align: justify;\">Agreg\u00f3 que &#8220;los resultados electorales representaron una dura respuesta a la administraci\u00f3n estadounidense y sus pretensiones y herramientas, y confirmaron el apego del pueblo venezolano a los principios de la Revoluci\u00f3n Bolivariana en la soberan\u00eda, la independencia y el rechazo a la subordinaci\u00f3n&#8221;.<\/p>\n<p style=\"text-align: justify;\">Seg\u00fan afirm\u00f3 la nota, &#8220;estas elecciones han sentado bases s\u00f3lidas para fortalecer la unidad nacional en Venezuela y consolidar la seguridad y la estabilidad, que es la base del proceso de desarrollo&#8221;.<\/p>\n<p style=\"text-align: justify;\">&#8220;El resultado de estas elecciones representa una derrota para el enfoque de soberbia y hegemon\u00eda que ejerce Estados Unidos&#8221;, concluy\u00f3 Canciller\u00eda siria su comunicado.<\/p>\n<p style=\"text-align: justify;\"><strong><span style=\"color: #0000ff;\">fm\/ed<\/span><\/strong><\/p>\n","protected":false},"excerpt":{"rendered":"<p>Damasco, SANA La Rep\u00fablica \u00c1rabe Siria expresa hoy su suma satisfacci\u00f3n por los resultados de las elecciones legislativas en Venezuela. &#8220;Siria expresa su m\u00e1s sincera felicitaci\u00f3n a la amiga Rep\u00fablica Bolivariana de Venezuela y a su direcci\u00f3n, gobierno y pueblo, por el \u00e9xito del proceso electoral&#8221;, manifest\u00f3 el Ministerio de Exteriores y Expatriados en un &hellip;<\/p>\n","protected":false},"author":32,"featured_media":162407,"comment_status":"closed","ping_status":"closed","sticky":false,"template":"","format":"standard","meta":{"footnotes":""},"categories":[477,447,597,476,583],"tags":[],"class_list":["post-162393","post","type-post","status-publish","format-standard","has-post-thumbnail","","category-noticias-edulcorantes","category-local-politica","category-cinta-de-noticias","category-locales","category-slide"],"_links":{"self":[{"href":"https:\/\/archive.sana.sy\/es\/index.php?rest_route=\/wp\/v2\/posts\/162393"}],"collection":[{"href":"https:\/\/archive.sana.sy\/es\/index.php?rest_route=\/wp\/v2\/posts"}],"about":[{"href":"https:\/\/archive.sana.sy\/es\/index.php?rest_route=\/wp\/v2\/types\/post"}],"author":[{"embeddable":true,"href":"https:\/\/archive.sana.sy\/es\/index.php?rest_route=\/wp\/v2\/users\/32"}],"replies":[{"embeddable":true,"href":"https:\/\/archive.sana.sy\/es\/index.php?rest_route=%2Fwp%2Fv2%2Fcomments&post=162393"}],"version-history":[{"count":0,"href":"https:\/\/archive.sana.sy\/es\/index.php?rest_route=\/wp\/v2\/posts\/162393\/revisions"}],"wp:featuredmedia":[{"embeddable":true,"href":"https:\/\/archive.sana.sy\/es\/index.php?rest_route=\/wp\/v2\/media\/162407"}],"wp:attachment":[{"href":"https:\/\/archive.sana.sy\/es\/index.php?rest_route=%2Fwp%2Fv2%2Fmedia&parent=162393"}],"wp:term":[{"taxonomy":"category","embeddable":true,"href":"https:\/\/archive.sana.sy\/es\/index.php?rest_route=%2Fwp%2Fv2%2Fcategories&post=162393"},{"taxonomy":"post_tag","embeddable":true,"href":"https:\/\/archive.sana.sy\/es\/index.php?rest_route=%2Fwp%2Fv2%2Ftags&post=162393"}],"curies":[{"name":"wp","href":"https:\/\/api.w.org\/{rel}","templated":true}]}}