{"id":162414,"date":"2020-12-10T14:59:29","date_gmt":"2020-12-10T12:59:29","guid":{"rendered":"http:\/\/107.6.182.27\/es\/?p=162414"},"modified":"2023-01-12T14:42:30","modified_gmt":"2023-01-12T12:42:30","slug":"atacan-con-explosivos-a-dos-camiones-de-las-fuerzas-estadounidenses-en-el-sur-de-irak","status":"publish","type":"post","link":"https:\/\/archive.sana.sy\/es\/?p=162414","title":{"rendered":"Atacan con explosivos a dos camiones de las fuerzas estadounidenses en el sur de Irak"},"content":{"rendered":"<p style=\"text-align: justify;\"><strong><span style=\"color: #800000;\">Bagdad, SANA<\/span><\/strong><\/p>\n<p style=\"text-align: justify;\">Armados no identificados atacaron con dos artefactos explosivos a dos camiones pertenecientes a las fuerzas estadounidenses en la ciudad de Al-Samawah en la provincia de Al-Muthanna, en el sur de Irak.<\/p>\n<p style=\"text-align: justify;\">El portal de noticias Al-Sumaria News cit\u00f3 a una fuente de seguridad iraqu\u00ed diciendo que los dos veh\u00edculos fueron atacados mientras circulaban por la carretera internacional en Samawah, sin dar m\u00e1s detalles.<\/p>\n<p style=\"text-align: justify;\">Durante los \u00faltimos meses, las fuerzas de la coalici\u00f3n estadounidense han sido blanco de frecuentes ataques con artefactos explosivos en varias \u00e1reas de Irak.<\/p>\n<p style=\"text-align: justify;\"><strong><span style=\"color: #0000ff;\">fm\/ed<\/span><\/strong><\/p>\n","protected":false},"excerpt":{"rendered":"<p>Bagdad, SANA Armados no identificados atacaron con dos artefactos explosivos a dos camiones pertenecientes a las fuerzas estadounidenses en la ciudad de Al-Samawah en la provincia de Al-Muthanna, en el sur de Irak. El portal de noticias Al-Sumaria News cit\u00f3 a una fuente de seguridad iraqu\u00ed diciendo que los dos veh\u00edculos fueron atacados mientras circulaban &hellip;<\/p>\n","protected":false},"author":32,"featured_media":162415,"comment_status":"closed","ping_status":"closed","sticky":false,"template":"","format":"standard","meta":{"footnotes":""},"categories":[597,456],"tags":[],"class_list":["post-162414","post","type-post","status-publish","format-standard","has-post-thumbnail","","category-cinta-de-noticias","category-arabe-internacional-politica"],"_links":{"self":[{"href":"https:\/\/archive.sana.sy\/es\/index.php?rest_route=\/wp\/v2\/posts\/162414"}],"collection":[{"href":"https:\/\/archive.sana.sy\/es\/index.php?rest_route=\/wp\/v2\/posts"}],"about":[{"href":"https:\/\/archive.sana.sy\/es\/index.php?rest_route=\/wp\/v2\/types\/post"}],"author":[{"embeddable":true,"href":"https:\/\/archive.sana.sy\/es\/index.php?rest_route=\/wp\/v2\/users\/32"}],"replies":[{"embeddable":true,"href":"https:\/\/archive.sana.sy\/es\/index.php?rest_route=%2Fwp%2Fv2%2Fcomments&post=162414"}],"version-history":[{"count":0,"href":"https:\/\/archive.sana.sy\/es\/index.php?rest_route=\/wp\/v2\/posts\/162414\/revisions"}],"wp:featuredmedia":[{"embeddable":true,"href":"https:\/\/archive.sana.sy\/es\/index.php?rest_route=\/wp\/v2\/media\/162415"}],"wp:attachment":[{"href":"https:\/\/archive.sana.sy\/es\/index.php?rest_route=%2Fwp%2Fv2%2Fmedia&parent=162414"}],"wp:term":[{"taxonomy":"category","embeddable":true,"href":"https:\/\/archive.sana.sy\/es\/index.php?rest_route=%2Fwp%2Fv2%2Fcategories&post=162414"},{"taxonomy":"post_tag","embeddable":true,"href":"https:\/\/archive.sana.sy\/es\/index.php?rest_route=%2Fwp%2Fv2%2Ftags&post=162414"}],"curies":[{"name":"wp","href":"https:\/\/api.w.org\/{rel}","templated":true}]}}