{"id":162422,"date":"2020-12-10T15:26:48","date_gmt":"2020-12-10T13:26:48","guid":{"rendered":"http:\/\/107.6.182.27\/es\/?p=162422"},"modified":"2020-12-10T15:26:48","modified_gmt":"2020-12-10T13:26:48","slug":"atentado-con-coche-bomba-mata-e-hiere-a-varios-mercenarios-proturcos-en-ras-al-ain-hasakeh-2","status":"publish","type":"post","link":"https:\/\/archive.sana.sy\/es\/?p=162422","title":{"rendered":"Atentado con coche bomba mata e hiere a varios mercenarios proturcos en Ras Al-Ain, Hasakeh"},"content":{"rendered":"<p style=\"text-align: justify;\"><span style=\"color: #800000;\"><strong>Hasakeh, SANA<\/strong><\/span><\/p>\n<p style=\"text-align: justify;\">Un ataque con coche bomba dej\u00f3 varios muertos y heridos en las filas de las organizaciones terroristas que operan bajo el marco de las fuerzas de ocupaci\u00f3n turcas, proturcos integrantes .<\/p>\n<p style=\"text-align: justify;\">La explosi\u00f3n seg\u00fan reportes del corresponsal de SANA, tuvo como blanco a un puesto de control de los mercenarios proturcos en la entrada sur de la ciudad de Ras al-Ain en el campo norte de a provincia de Hasakeh.<\/p>\n<p style=\"text-align: justify;\"><span style=\"color: #0000ff;\">Nota en desarrollo..<\/span><\/p>\n<p style=\"text-align: justify;\"><strong><span style=\"color: #0000ff;\">fm\/ed<\/span><\/strong><\/p>\n<div id='gallery-1' class='gallery galleryid-162422 gallery-columns-1 gallery-size-full'><figure class='gallery-item'>\n\t\t\t<div class='gallery-icon landscape'>\n\t\t\t\t<a href='https:\/\/archive.sana.sy\/es\/wp-content\/uploads\/2020\/12\/photo_2020-12-10_15-25-26-2.jpg'><img loading=\"lazy\" decoding=\"async\" width=\"720\" height=\"405\" src=\"https:\/\/archive.sana.sy\/es\/wp-content\/uploads\/2020\/12\/photo_2020-12-10_15-25-26-2.jpg\" class=\"attachment-full size-full\" alt=\"\" srcset=\"https:\/\/archive.sana.sy\/es\/wp-content\/uploads\/2020\/12\/photo_2020-12-10_15-25-26-2.jpg 720w, https:\/\/archive.sana.sy\/es\/wp-content\/uploads\/2020\/12\/photo_2020-12-10_15-25-26-2-300x169.jpg 300w, https:\/\/archive.sana.sy\/es\/wp-content\/uploads\/2020\/12\/photo_2020-12-10_15-25-26-2-150x84.jpg 150w\" sizes=\"(max-width: 720px) 100vw, 720px\" \/><\/a>\n\t\t\t<\/div><\/figure>\n\t\t<\/div>\n\n","protected":false},"excerpt":{"rendered":"<p>Hasakeh, SANA Un ataque con coche bomba dej\u00f3 varios muertos y heridos en las filas de las organizaciones terroristas que operan bajo el marco de las fuerzas de ocupaci\u00f3n turcas, proturcos integrantes . La explosi\u00f3n seg\u00fan reportes del corresponsal de SANA, tuvo como blanco a un puesto de control de los mercenarios proturcos en la &hellip;<\/p>\n","protected":false},"author":32,"featured_media":162423,"comment_status":"closed","ping_status":"closed","sticky":false,"template":"","format":"standard","meta":{"footnotes":""},"categories":[477,597,573,476,7541],"tags":[],"class_list":["post-162422","post","type-post","status-publish","format-standard","has-post-thumbnail","","category-noticias-edulcorantes","category-cinta-de-noticias","category-la-realidad-de-los-acontecimientos-en-siria","category-locales","category-ultimas-noticias"],"_links":{"self":[{"href":"https:\/\/archive.sana.sy\/es\/index.php?rest_route=\/wp\/v2\/posts\/162422"}],"collection":[{"href":"https:\/\/archive.sana.sy\/es\/index.php?rest_route=\/wp\/v2\/posts"}],"about":[{"href":"https:\/\/archive.sana.sy\/es\/index.php?rest_route=\/wp\/v2\/types\/post"}],"author":[{"embeddable":true,"href":"https:\/\/archive.sana.sy\/es\/index.php?rest_route=\/wp\/v2\/users\/32"}],"replies":[{"embeddable":true,"href":"https:\/\/archive.sana.sy\/es\/index.php?rest_route=%2Fwp%2Fv2%2Fcomments&post=162422"}],"version-history":[{"count":0,"href":"https:\/\/archive.sana.sy\/es\/index.php?rest_route=\/wp\/v2\/posts\/162422\/revisions"}],"wp:featuredmedia":[{"embeddable":true,"href":"https:\/\/archive.sana.sy\/es\/index.php?rest_route=\/wp\/v2\/media\/162423"}],"wp:attachment":[{"href":"https:\/\/archive.sana.sy\/es\/index.php?rest_route=%2Fwp%2Fv2%2Fmedia&parent=162422"}],"wp:term":[{"taxonomy":"category","embeddable":true,"href":"https:\/\/archive.sana.sy\/es\/index.php?rest_route=%2Fwp%2Fv2%2Fcategories&post=162422"},{"taxonomy":"post_tag","embeddable":true,"href":"https:\/\/archive.sana.sy\/es\/index.php?rest_route=%2Fwp%2Fv2%2Ftags&post=162422"}],"curies":[{"name":"wp","href":"https:\/\/api.w.org\/{rel}","templated":true}]}}