{"id":162527,"date":"2020-12-11T17:00:15","date_gmt":"2020-12-11T15:00:15","guid":{"rendered":"http:\/\/107.6.182.27\/es\/?p=162527"},"modified":"2023-01-12T14:42:29","modified_gmt":"2023-01-12T12:42:29","slug":"cancilleria-de-iran-convoca-al-embajador-turco-en-teheran","status":"publish","type":"post","link":"https:\/\/archive.sana.sy\/es\/?p=162527","title":{"rendered":"Canciller\u00eda de Ir\u00e1n convoca al embajador turco en Teher\u00e1n"},"content":{"rendered":"<p><span style=\"color: #800000;\">Teher\u00e1n, SANA<\/span><\/p>\n<p style=\"text-align: justify;\">Tras las declaraciones intrusivas e inaceptables hechas por el presidente del r\u00e9gimen turco durante su visita a Azerbaiy\u00e1n, la canciller\u00eda iran\u00ed convoc\u00f3 al embajador turco en Teher\u00e1n.<\/p>\n<p style=\"text-align: justify;\">De acuerdo con el portavoz del Ministerio de Exteriores de Ir\u00e1n, Saeed Khatibzadeh, el diplom\u00e1tico turco fue informado de la fuerte objeci\u00f3n de Ir\u00e1n a las palabras de Erdogan.<\/p>\n<p style=\"text-align: justify;\">\u201cHemos solicitado una aclaraci\u00f3n inmediata del gobierno turco\u201d, agreg\u00f3.<\/p>\n<p style=\"text-align: justify;\">\u201cLa era de reclamos de imperios que buscan la guerra y la expansi\u00f3n ha terminado. Ir\u00e1n no permite que nadie interfiera en su integridad territorial\u201d, se\u00f1al\u00f3 el vocero.<\/p>\n<p style=\"text-align: justify;\">Erdogan, mientras asist\u00eda a un evento con el presidente de Azerbaiy\u00e1n, Ilham Aliyev, recit\u00f3 unos versos de un poema separatista contra la integridad territorial de Ir\u00e1n.<\/p>\n<p><em>mm\/fm<\/em><\/p>\n","protected":false},"excerpt":{"rendered":"<p>Teher\u00e1n, SANA Tras las declaraciones intrusivas e inaceptables hechas por el presidente del r\u00e9gimen turco durante su visita a Azerbaiy\u00e1n, la canciller\u00eda iran\u00ed convoc\u00f3 al embajador turco en Teher\u00e1n. De acuerdo con el portavoz del Ministerio de Exteriores de Ir\u00e1n, Saeed Khatibzadeh, el diplom\u00e1tico turco fue informado de la fuerte objeci\u00f3n de Ir\u00e1n a las &hellip;<\/p>\n","protected":false},"author":36,"featured_media":162528,"comment_status":"closed","ping_status":"closed","sticky":false,"template":"","format":"standard","meta":{"footnotes":""},"categories":[597,456,457],"tags":[],"class_list":["post-162527","post","type-post","status-publish","format-standard","has-post-thumbnail","","category-cinta-de-noticias","category-arabe-internacional-politica","category-noticias-arabe-internacional-politica"],"_links":{"self":[{"href":"https:\/\/archive.sana.sy\/es\/index.php?rest_route=\/wp\/v2\/posts\/162527"}],"collection":[{"href":"https:\/\/archive.sana.sy\/es\/index.php?rest_route=\/wp\/v2\/posts"}],"about":[{"href":"https:\/\/archive.sana.sy\/es\/index.php?rest_route=\/wp\/v2\/types\/post"}],"author":[{"embeddable":true,"href":"https:\/\/archive.sana.sy\/es\/index.php?rest_route=\/wp\/v2\/users\/36"}],"replies":[{"embeddable":true,"href":"https:\/\/archive.sana.sy\/es\/index.php?rest_route=%2Fwp%2Fv2%2Fcomments&post=162527"}],"version-history":[{"count":0,"href":"https:\/\/archive.sana.sy\/es\/index.php?rest_route=\/wp\/v2\/posts\/162527\/revisions"}],"wp:featuredmedia":[{"embeddable":true,"href":"https:\/\/archive.sana.sy\/es\/index.php?rest_route=\/wp\/v2\/media\/162528"}],"wp:attachment":[{"href":"https:\/\/archive.sana.sy\/es\/index.php?rest_route=%2Fwp%2Fv2%2Fmedia&parent=162527"}],"wp:term":[{"taxonomy":"category","embeddable":true,"href":"https:\/\/archive.sana.sy\/es\/index.php?rest_route=%2Fwp%2Fv2%2Fcategories&post=162527"},{"taxonomy":"post_tag","embeddable":true,"href":"https:\/\/archive.sana.sy\/es\/index.php?rest_route=%2Fwp%2Fv2%2Ftags&post=162527"}],"curies":[{"name":"wp","href":"https:\/\/api.w.org\/{rel}","templated":true}]}}