{"id":162696,"date":"2020-12-12T17:59:59","date_gmt":"2020-12-12T15:59:59","guid":{"rendered":"http:\/\/107.6.182.27\/es\/?p=162696"},"modified":"2020-12-12T17:59:59","modified_gmt":"2020-12-12T15:59:59","slug":"muere-un-civil-por-explosion-de-una-mina-al-oeste-de-deir-ezzor","status":"publish","type":"post","link":"https:\/\/archive.sana.sy\/es\/?p=162696","title":{"rendered":"Muere un civil por explosi\u00f3n de una mina al oeste de Deir Ezzor"},"content":{"rendered":"<p style=\"font-weight: 400; text-align: justify;\"><span style=\"color: #800000;\"><strong>Deir Ezzor, SANA<\/strong><\/span><\/p>\n<p style=\"font-weight: 400; text-align: justify;\">Un civil perdi\u00f3 la vida al explotarse una mina remanente de terroristas en las cercan\u00edas de la localidad de al-Susa, en la campi\u00f1a oriental de Deir Ezzor, que est\u00e1 controlada por la milicia Fuerzas Democr\u00e1ticas Sirias (FDS) apadrinada por la ocupaci\u00f3n norteamericana.<\/p>\n<p style=\"font-weight: 400; text-align: justify;\">\u201cUna mina terrestre remanente de los terroristas estall\u00f3 en la localidad de al-Susa al oeste de Deir Ezzor, controlada por la milicia (FDS), causando la muerte de un civil\u00a0mientras pasaba\u00a0por la zona\u201d, detallaron fuentes locales a SANA.<\/p>\n<p style=\"font-weight: 400; text-align: justify;\">Antes de su colapso, las organizaciones armadas colocaron minas y explosivos en las casas y tierras agr\u00edcolas con el fin de aterrorizar a la poblaci\u00f3n y evitar que regresaran a sus hogares.<\/p>\n<p style=\"text-align: justify;\"><span style=\"color: #0000ff;\"><strong>ah\/rsh<\/strong><\/span><\/p>\n","protected":false},"excerpt":{"rendered":"<p>Deir Ezzor, SANA Un civil perdi\u00f3 la vida al explotarse una mina remanente de terroristas en las cercan\u00edas de la localidad de al-Susa, en la campi\u00f1a oriental de Deir Ezzor, que est\u00e1 controlada por la milicia Fuerzas Democr\u00e1ticas Sirias (FDS) apadrinada por la ocupaci\u00f3n norteamericana. \u201cUna mina terrestre remanente de los terroristas estall\u00f3 en la &hellip;<\/p>\n","protected":false},"author":30,"featured_media":162697,"comment_status":"closed","ping_status":"closed","sticky":false,"template":"","format":"standard","meta":{"footnotes":""},"categories":[597,573,7541],"tags":[18586],"class_list":["post-162696","post","type-post","status-publish","format-standard","has-post-thumbnail","","category-cinta-de-noticias","category-la-realidad-de-los-acontecimientos-en-siria","category-ultimas-noticias","tag-muere-un-civil-por-explosion-de-una-mina-al-oeste-de-deir-ezzor"],"_links":{"self":[{"href":"https:\/\/archive.sana.sy\/es\/index.php?rest_route=\/wp\/v2\/posts\/162696"}],"collection":[{"href":"https:\/\/archive.sana.sy\/es\/index.php?rest_route=\/wp\/v2\/posts"}],"about":[{"href":"https:\/\/archive.sana.sy\/es\/index.php?rest_route=\/wp\/v2\/types\/post"}],"author":[{"embeddable":true,"href":"https:\/\/archive.sana.sy\/es\/index.php?rest_route=\/wp\/v2\/users\/30"}],"replies":[{"embeddable":true,"href":"https:\/\/archive.sana.sy\/es\/index.php?rest_route=%2Fwp%2Fv2%2Fcomments&post=162696"}],"version-history":[{"count":0,"href":"https:\/\/archive.sana.sy\/es\/index.php?rest_route=\/wp\/v2\/posts\/162696\/revisions"}],"wp:featuredmedia":[{"embeddable":true,"href":"https:\/\/archive.sana.sy\/es\/index.php?rest_route=\/wp\/v2\/media\/162697"}],"wp:attachment":[{"href":"https:\/\/archive.sana.sy\/es\/index.php?rest_route=%2Fwp%2Fv2%2Fmedia&parent=162696"}],"wp:term":[{"taxonomy":"category","embeddable":true,"href":"https:\/\/archive.sana.sy\/es\/index.php?rest_route=%2Fwp%2Fv2%2Fcategories&post=162696"},{"taxonomy":"post_tag","embeddable":true,"href":"https:\/\/archive.sana.sy\/es\/index.php?rest_route=%2Fwp%2Fv2%2Ftags&post=162696"}],"curies":[{"name":"wp","href":"https:\/\/api.w.org\/{rel}","templated":true}]}}