{"id":162728,"date":"2020-12-12T21:50:07","date_gmt":"2020-12-12T19:50:07","guid":{"rendered":"http:\/\/107.6.182.27\/es\/?p=162728"},"modified":"2023-01-12T14:42:27","modified_gmt":"2023-01-12T12:42:27","slug":"un-terrorista-pasea-por-las-calles-de-gran-bretana-por-decision-estadounidense-segun-the-times","status":"publish","type":"post","link":"https:\/\/archive.sana.sy\/es\/?p=162728","title":{"rendered":"Un terrorista pasea por las calles de Gran Breta\u00f1a por decisi\u00f3n estadounidense, seg\u00fan The Times"},"content":{"rendered":"<p style=\"text-align: justify;\"><strong><span style=\"color: #800000;\">Londres, SANA<\/span><\/strong><\/p>\n<p style=\"text-align: justify;\">Un cabecilla de la organizaci\u00f3n terrorista Al-Qaeda pasea por las calles de Londres tras su liberaci\u00f3n de las c\u00e1rceles estadounidenses, en un claro reflejo de las pol\u00edticas occidentales de apoyo al terrorismo.<\/p>\n<p style=\"text-align: justify;\">El peri\u00f3dico brit\u00e1nico The Times arroj\u00f3 luz sobre el estado de p\u00e1nico en la calle brit\u00e1nica despu\u00e9s de observar al terrorista Adel Abdul-Bari, un alto asesor del l\u00edder de Al-Qaeda, recorriendo libremente por las calles de Londres despu\u00e9s de su liberaci\u00f3n de las prisiones estadounidenses con una amnist\u00eda especial.<\/p>\n<p style=\"text-align: justify;\">El diario aclar\u00f3 que el citado terrorista era ex vocero de Al Qaeda y \u00a0fue condenado en 2015 a 25 a\u00f1os de prisi\u00f3n por su implicaci\u00f3n en los ataques que tuvieron como objetivo las embajadas de Estados Unidos en Kenia y Tanzania en 1998, y actualmente vive en su apartamento en Maida Valley, al noroeste de Londres, en una de las calles m\u00e1s lujosas de la ciudad, en un apartamento cuyo valor se estima en m\u00e1s de un mill\u00f3n de euros.<\/p>\n<p style=\"text-align: justify;\">El rotativo londinense cit\u00f3 a una fuente de seguridad afirmando que el regreso del terrorista representa una fuente de gran preocupaci\u00f3n para el Ministerio de Seguridad Nacional. &#8220;\u00bfqu\u00e9 har\u00e1 Gran Breta\u00f1a con un terrorista en su puerta?<\/p>\n<p style=\"text-align: justify;\">Abdul Bari est\u00e1 implicado en 285 homicidios y actos de terrorismo suficientes para que sea condenado a cadena perpetua por Washington, m\u00e1s bien ha preferido liberarlo, lo que confirma sin controversia que es uno de los pa\u00edses que apoy\u00f3 y financi\u00f3 el terrorismo y le brind\u00f3 todas las razones para sobrevivir y propagarse.<\/p>\n<p style=\"text-align: justify;\">Cabe destacar que el terrorista Abdul Bari es el padre del terrorista Abdul Majid Abdel Bari, ex rapero en Londres, y fue detenido por Espa\u00f1a a mediados de abril, tras viajar a Siria y unirse a las filas de la organizaci\u00f3n terrorista &#8220;Daesh&#8221;.<\/p>\n<p style=\"text-align: justify;\">fm<\/p>\n","protected":false},"excerpt":{"rendered":"<p>Londres, SANA Un cabecilla de la organizaci\u00f3n terrorista Al-Qaeda pasea por las calles de Londres tras su liberaci\u00f3n de las c\u00e1rceles estadounidenses, en un claro reflejo de las pol\u00edticas occidentales de apoyo al terrorismo. El peri\u00f3dico brit\u00e1nico The Times arroj\u00f3 luz sobre el estado de p\u00e1nico en la calle brit\u00e1nica despu\u00e9s de observar al terrorista &hellip;<\/p>\n","protected":false},"author":34,"featured_media":162729,"comment_status":"closed","ping_status":"closed","sticky":false,"template":"","format":"standard","meta":{"footnotes":""},"categories":[597,456,573,7541],"tags":[],"class_list":["post-162728","post","type-post","status-publish","format-standard","has-post-thumbnail","","category-cinta-de-noticias","category-arabe-internacional-politica","category-la-realidad-de-los-acontecimientos-en-siria","category-ultimas-noticias"],"_links":{"self":[{"href":"https:\/\/archive.sana.sy\/es\/index.php?rest_route=\/wp\/v2\/posts\/162728"}],"collection":[{"href":"https:\/\/archive.sana.sy\/es\/index.php?rest_route=\/wp\/v2\/posts"}],"about":[{"href":"https:\/\/archive.sana.sy\/es\/index.php?rest_route=\/wp\/v2\/types\/post"}],"author":[{"embeddable":true,"href":"https:\/\/archive.sana.sy\/es\/index.php?rest_route=\/wp\/v2\/users\/34"}],"replies":[{"embeddable":true,"href":"https:\/\/archive.sana.sy\/es\/index.php?rest_route=%2Fwp%2Fv2%2Fcomments&post=162728"}],"version-history":[{"count":0,"href":"https:\/\/archive.sana.sy\/es\/index.php?rest_route=\/wp\/v2\/posts\/162728\/revisions"}],"wp:featuredmedia":[{"embeddable":true,"href":"https:\/\/archive.sana.sy\/es\/index.php?rest_route=\/wp\/v2\/media\/162729"}],"wp:attachment":[{"href":"https:\/\/archive.sana.sy\/es\/index.php?rest_route=%2Fwp%2Fv2%2Fmedia&parent=162728"}],"wp:term":[{"taxonomy":"category","embeddable":true,"href":"https:\/\/archive.sana.sy\/es\/index.php?rest_route=%2Fwp%2Fv2%2Fcategories&post=162728"},{"taxonomy":"post_tag","embeddable":true,"href":"https:\/\/archive.sana.sy\/es\/index.php?rest_route=%2Fwp%2Fv2%2Ftags&post=162728"}],"curies":[{"name":"wp","href":"https:\/\/api.w.org\/{rel}","templated":true}]}}