{"id":162732,"date":"2020-12-12T23:07:09","date_gmt":"2020-12-12T21:07:09","guid":{"rendered":"http:\/\/107.6.182.27\/es\/?p=162732"},"modified":"2023-01-10T14:30:57","modified_gmt":"2023-01-10T12:30:57","slug":"siria-reporta-cifra-diaria-record-con-130-nuevos-casos-confirmados-de-covid-19","status":"publish","type":"post","link":"https:\/\/archive.sana.sy\/es\/?p=162732","title":{"rendered":"Siria reporta cifra diaria r\u00e9cord con 130 nuevos casos confirmados de Covid-19"},"content":{"rendered":"<p style=\"text-align: justify;\"><span style=\"color: #800000;\"><strong>Damasco, SANA<\/strong><\/span><\/p>\n<p style=\"text-align: justify;\">Siria confirm\u00f3 hoy 130 nuevos casos de la Covid-19, en la mayor cifra reportada en un d\u00eda desde que se detect\u00f3 el primer caso el 22 de marzo pasado.<\/p>\n<p style=\"text-align: justify;\">Una nota de prensa del Ministerio de Salud indic\u00f3 que la cifra de contagios a nivel nacional se elev\u00f3 a nueve mil 41.<\/p>\n<p style=\"text-align: justify;\">Confirm\u00f3 76 nuevos recuperados para un total de cuatro mil 319, mientras hubo 15 muertos por ese virus lo que eleva los decesos a nivel nacional a 506.<\/p>\n<p style=\"text-align: justify;\">fm<\/p>\n","protected":false},"excerpt":{"rendered":"<p>Damasco, SANA Siria confirm\u00f3 hoy 130 nuevos casos de la Covid-19, en la mayor cifra reportada en un d\u00eda desde que se detect\u00f3 el primer caso el 22 de marzo pasado. Una nota de prensa del Ministerio de Salud indic\u00f3 que la cifra de contagios a nivel nacional se elev\u00f3 a nueve mil 41. Confirm\u00f3 &hellip;<\/p>\n","protected":false},"author":34,"featured_media":162733,"comment_status":"closed","ping_status":"closed","sticky":false,"template":"","format":"standard","meta":{"footnotes":""},"categories":[447,477,597,476,457,7541],"tags":[],"class_list":["post-162732","post","type-post","status-publish","format-standard","has-post-thumbnail","","category-local-politica","category-noticias-edulcorantes","category-cinta-de-noticias","category-locales","category-noticias-arabe-internacional-politica","category-ultimas-noticias"],"_links":{"self":[{"href":"https:\/\/archive.sana.sy\/es\/index.php?rest_route=\/wp\/v2\/posts\/162732"}],"collection":[{"href":"https:\/\/archive.sana.sy\/es\/index.php?rest_route=\/wp\/v2\/posts"}],"about":[{"href":"https:\/\/archive.sana.sy\/es\/index.php?rest_route=\/wp\/v2\/types\/post"}],"author":[{"embeddable":true,"href":"https:\/\/archive.sana.sy\/es\/index.php?rest_route=\/wp\/v2\/users\/34"}],"replies":[{"embeddable":true,"href":"https:\/\/archive.sana.sy\/es\/index.php?rest_route=%2Fwp%2Fv2%2Fcomments&post=162732"}],"version-history":[{"count":0,"href":"https:\/\/archive.sana.sy\/es\/index.php?rest_route=\/wp\/v2\/posts\/162732\/revisions"}],"wp:featuredmedia":[{"embeddable":true,"href":"https:\/\/archive.sana.sy\/es\/index.php?rest_route=\/wp\/v2\/media\/162733"}],"wp:attachment":[{"href":"https:\/\/archive.sana.sy\/es\/index.php?rest_route=%2Fwp%2Fv2%2Fmedia&parent=162732"}],"wp:term":[{"taxonomy":"category","embeddable":true,"href":"https:\/\/archive.sana.sy\/es\/index.php?rest_route=%2Fwp%2Fv2%2Fcategories&post=162732"},{"taxonomy":"post_tag","embeddable":true,"href":"https:\/\/archive.sana.sy\/es\/index.php?rest_route=%2Fwp%2Fv2%2Ftags&post=162732"}],"curies":[{"name":"wp","href":"https:\/\/api.w.org\/{rel}","templated":true}]}}