{"id":162740,"date":"2020-12-13T09:58:17","date_gmt":"2020-12-13T07:58:17","guid":{"rendered":"http:\/\/107.6.182.27\/es\/?p=162740"},"modified":"2020-12-13T10:02:46","modified_gmt":"2020-12-13T08:02:46","slug":"acto-de-apoyo-y-solidaridad-con-siria-en-la-habana-fotos","status":"publish","type":"post","link":"https:\/\/archive.sana.sy\/es\/?p=162740","title":{"rendered":"Acto de apoyo y solidaridad con Siria en La Habana (fotos)"},"content":{"rendered":"<p style=\"text-align: justify;\"><strong><span style=\"color: #800000;\">La Habana, SANA<\/span><\/strong><\/p>\n<p style=\"text-align: justify;\">La Universidad de La Habana y la Uni\u00f3n de Estudiantes Cubanos organizaron un acto solidario con Siria en el Parque Mariana Crajales en la capital, La Habana.<\/p>\n<p style=\"text-align: justify;\">La actividad se efectu\u00f3 con motivo de las celebraciones de Cuba por el fin de a\u00f1o, y coincide con el D\u00eda Internacional de los Derechos Humanos.<\/p>\n<p style=\"text-align: justify;\">Los estudiantes sirios que cursan estudios en las universidades cubanas ratificaron su lealtad y apoyo a la patria Siria frente a la actual agresi\u00f3n desatada en su contra, as\u00ed como destacaron la firmeza del ej\u00e9rcito y del pueblo sirios en su enfrentamiento al terrorismo internacional.<\/p>\n<p style=\"text-align: justify;\">Los estudiantes denunciaron las medidas coercitivas unilaterales, ilegales e injustas, impuestas por Estados Unidos y los pa\u00edses occidentales contra Siria. &#8220;Estas medidas son graves violaciones a los derechos humanos y obstaculizan los esfuerzos del gobierno sirio para enfrentar la pandemia del Coronavirus&#8221;, indicaron.<\/p>\n<p style=\"text-align: justify;\">Asimismo, la Uni\u00f3n Nacional de Estudiantes Sirios en Cuba instal\u00f3 un pabell\u00f3n especial para Siria que incluy\u00f3 un conjunto de fotograf\u00edas, revistas y objetos patrimoniales para dar a conocer la civilizaci\u00f3n y la historia de Siria, adem\u00e1s de presentar una serie de materiales que muestran la resistencia del pueblo y del valiente Ej\u00e9rcito \u00c1rabe Sirio en su enfrentamiento al terrorismo y la guerra econ\u00f3mica.<\/p>\n<div id='gallery-1' class='gallery galleryid-162740 gallery-columns-1 gallery-size-full'><figure class='gallery-item'>\n\t\t\t<div class='gallery-icon landscape'>\n\t\t\t\t<a href='https:\/\/archive.sana.sy\/es\/?attachment_id=162742'><img loading=\"lazy\" decoding=\"async\" width=\"660\" height=\"330\" src=\"https:\/\/archive.sana.sy\/es\/wp-content\/uploads\/2020\/12\/2-134.jpg\" class=\"attachment-full size-full\" alt=\"\" srcset=\"https:\/\/archive.sana.sy\/es\/wp-content\/uploads\/2020\/12\/2-134.jpg 660w, https:\/\/archive.sana.sy\/es\/wp-content\/uploads\/2020\/12\/2-134-300x150.jpg 300w, https:\/\/archive.sana.sy\/es\/wp-content\/uploads\/2020\/12\/2-134-150x75.jpg 150w\" sizes=\"(max-width: 660px) 100vw, 660px\" \/><\/a>\n\t\t\t<\/div><\/figure><figure class='gallery-item'>\n\t\t\t<div class='gallery-icon landscape'>\n\t\t\t\t<a href='https:\/\/archive.sana.sy\/es\/?attachment_id=162743'><img loading=\"lazy\" decoding=\"async\" width=\"660\" height=\"341\" src=\"https:\/\/archive.sana.sy\/es\/wp-content\/uploads\/2020\/12\/3-112.jpg\" class=\"attachment-full size-full\" alt=\"\" srcset=\"https:\/\/archive.sana.sy\/es\/wp-content\/uploads\/2020\/12\/3-112.jpg 660w, https:\/\/archive.sana.sy\/es\/wp-content\/uploads\/2020\/12\/3-112-300x155.jpg 300w, https:\/\/archive.sana.sy\/es\/wp-content\/uploads\/2020\/12\/3-112-150x78.jpg 150w\" sizes=\"(max-width: 660px) 100vw, 660px\" \/><\/a>\n\t\t\t<\/div><\/figure><figure class='gallery-item'>\n\t\t\t<div class='gallery-icon landscape'>\n\t\t\t\t<a href='https:\/\/archive.sana.sy\/es\/?attachment_id=162744'><img loading=\"lazy\" decoding=\"async\" width=\"660\" height=\"327\" src=\"https:\/\/archive.sana.sy\/es\/wp-content\/uploads\/2020\/12\/4-110.jpg\" class=\"attachment-full size-full\" alt=\"\" srcset=\"https:\/\/archive.sana.sy\/es\/wp-content\/uploads\/2020\/12\/4-110.jpg 660w, https:\/\/archive.sana.sy\/es\/wp-content\/uploads\/2020\/12\/4-110-300x149.jpg 300w, https:\/\/archive.sana.sy\/es\/wp-content\/uploads\/2020\/12\/4-110-150x74.jpg 150w\" sizes=\"(max-width: 660px) 100vw, 660px\" \/><\/a>\n\t\t\t<\/div><\/figure>\n\t\t<\/div>\n\n<p style=\"text-align: justify;\"><strong><span style=\"color: #0000ff;\">fm\/ws<\/span><\/strong><\/p>\n","protected":false},"excerpt":{"rendered":"<p>La Habana, SANA La Universidad de La Habana y la Uni\u00f3n de Estudiantes Cubanos organizaron un acto solidario con Siria en el Parque Mariana Crajales en la capital, La Habana. La actividad se efectu\u00f3 con motivo de las celebraciones de Cuba por el fin de a\u00f1o, y coincide con el D\u00eda Internacional de los Derechos &hellip;<\/p>\n","protected":false},"author":35,"featured_media":162741,"comment_status":"closed","ping_status":"closed","sticky":false,"template":"","format":"standard","meta":{"footnotes":""},"categories":[597,467,7541,1],"tags":[],"class_list":["post-162740","post","type-post","status-publish","format-standard","has-post-thumbnail","","category-cinta-de-noticias","category-siria-y-el-mundo","category-ultimas-noticias","category-news-not-sorted"],"_links":{"self":[{"href":"https:\/\/archive.sana.sy\/es\/index.php?rest_route=\/wp\/v2\/posts\/162740"}],"collection":[{"href":"https:\/\/archive.sana.sy\/es\/index.php?rest_route=\/wp\/v2\/posts"}],"about":[{"href":"https:\/\/archive.sana.sy\/es\/index.php?rest_route=\/wp\/v2\/types\/post"}],"author":[{"embeddable":true,"href":"https:\/\/archive.sana.sy\/es\/index.php?rest_route=\/wp\/v2\/users\/35"}],"replies":[{"embeddable":true,"href":"https:\/\/archive.sana.sy\/es\/index.php?rest_route=%2Fwp%2Fv2%2Fcomments&post=162740"}],"version-history":[{"count":0,"href":"https:\/\/archive.sana.sy\/es\/index.php?rest_route=\/wp\/v2\/posts\/162740\/revisions"}],"wp:featuredmedia":[{"embeddable":true,"href":"https:\/\/archive.sana.sy\/es\/index.php?rest_route=\/wp\/v2\/media\/162741"}],"wp:attachment":[{"href":"https:\/\/archive.sana.sy\/es\/index.php?rest_route=%2Fwp%2Fv2%2Fmedia&parent=162740"}],"wp:term":[{"taxonomy":"category","embeddable":true,"href":"https:\/\/archive.sana.sy\/es\/index.php?rest_route=%2Fwp%2Fv2%2Fcategories&post=162740"},{"taxonomy":"post_tag","embeddable":true,"href":"https:\/\/archive.sana.sy\/es\/index.php?rest_route=%2Fwp%2Fv2%2Ftags&post=162740"}],"curies":[{"name":"wp","href":"https:\/\/api.w.org\/{rel}","templated":true}]}}