{"id":162747,"date":"2020-12-13T11:44:31","date_gmt":"2020-12-13T09:44:31","guid":{"rendered":"http:\/\/107.6.182.27\/es\/?p=162747"},"modified":"2023-01-12T14:42:27","modified_gmt":"2023-01-12T12:42:27","slug":"iran-anuncia-que-respondera-duro-a-cualquier-violacion-de-su-espacio-aereo","status":"publish","type":"post","link":"https:\/\/archive.sana.sy\/es\/?p=162747","title":{"rendered":"Ir\u00e1n anuncia que responder\u00e1 duro a cualquier violaci\u00f3n de su espacio a\u00e9reo"},"content":{"rendered":"<p style=\"text-align: justify;\"><strong><span style=\"color: #800000;\">Teher\u00e1n, SANA<\/span><\/strong><\/p>\n<p style=\"text-align: justify;\">El subcomandante del cuartel general de la Defensa A\u00e9rea Iran\u00ed, el general Qadir Rahimzadeh, advirti\u00f3 que las fuerzas a\u00e9reas iran\u00edes est\u00e1n preparadas a dar una aplastante respuesta a las violaciones de su espacio a\u00e9reo.<\/p>\n<p style=\"text-align: justify;\">Rahimzadeh revel\u00f3 que las defensas a\u00e9reas est\u00e1n en alerta m\u00e1xima y monitorearon a bombarderos B-52 estadounidenses a 150 km de las fronteras iran\u00edes.<\/p>\n<p style=\"text-align: justify;\">&#8220;Los agresores definitivamente recibir\u00e1n una aplastante respuesta cada vez intenten violar nuestras fronteras&#8221; enfatiz\u00f3 el oficial militar en declaraciones a la agencia de noticias Fars.<\/p>\n<p style=\"text-align: justify;\"><span style=\"color: #0000ff;\"><strong>ws\/fm<\/strong><\/span><\/p>\n","protected":false},"excerpt":{"rendered":"<p>Teher\u00e1n, SANA El subcomandante del cuartel general de la Defensa A\u00e9rea Iran\u00ed, el general Qadir Rahimzadeh, advirti\u00f3 que las fuerzas a\u00e9reas iran\u00edes est\u00e1n preparadas a dar una aplastante respuesta a las violaciones de su espacio a\u00e9reo. Rahimzadeh revel\u00f3 que las defensas a\u00e9reas est\u00e1n en alerta m\u00e1xima y monitorearon a bombarderos B-52 estadounidenses a 150 km &hellip;<\/p>\n","protected":false},"author":35,"featured_media":162748,"comment_status":"closed","ping_status":"closed","sticky":false,"template":"","format":"standard","meta":{"footnotes":""},"categories":[597,456,457],"tags":[],"class_list":["post-162747","post","type-post","status-publish","format-standard","has-post-thumbnail","","category-cinta-de-noticias","category-arabe-internacional-politica","category-noticias-arabe-internacional-politica"],"_links":{"self":[{"href":"https:\/\/archive.sana.sy\/es\/index.php?rest_route=\/wp\/v2\/posts\/162747"}],"collection":[{"href":"https:\/\/archive.sana.sy\/es\/index.php?rest_route=\/wp\/v2\/posts"}],"about":[{"href":"https:\/\/archive.sana.sy\/es\/index.php?rest_route=\/wp\/v2\/types\/post"}],"author":[{"embeddable":true,"href":"https:\/\/archive.sana.sy\/es\/index.php?rest_route=\/wp\/v2\/users\/35"}],"replies":[{"embeddable":true,"href":"https:\/\/archive.sana.sy\/es\/index.php?rest_route=%2Fwp%2Fv2%2Fcomments&post=162747"}],"version-history":[{"count":0,"href":"https:\/\/archive.sana.sy\/es\/index.php?rest_route=\/wp\/v2\/posts\/162747\/revisions"}],"wp:featuredmedia":[{"embeddable":true,"href":"https:\/\/archive.sana.sy\/es\/index.php?rest_route=\/wp\/v2\/media\/162748"}],"wp:attachment":[{"href":"https:\/\/archive.sana.sy\/es\/index.php?rest_route=%2Fwp%2Fv2%2Fmedia&parent=162747"}],"wp:term":[{"taxonomy":"category","embeddable":true,"href":"https:\/\/archive.sana.sy\/es\/index.php?rest_route=%2Fwp%2Fv2%2Fcategories&post=162747"},{"taxonomy":"post_tag","embeddable":true,"href":"https:\/\/archive.sana.sy\/es\/index.php?rest_route=%2Fwp%2Fv2%2Ftags&post=162747"}],"curies":[{"name":"wp","href":"https:\/\/api.w.org\/{rel}","templated":true}]}}