{"id":162809,"date":"2020-12-13T12:17:02","date_gmt":"2020-12-13T10:17:02","guid":{"rendered":"http:\/\/107.6.182.27\/es\/?p=162809"},"modified":"2020-12-13T16:19:28","modified_gmt":"2020-12-13T14:19:28","slug":"un-nuevo-nino-victima-de-la-falta-atencion-medica-en-el-campamento-al-hol","status":"publish","type":"post","link":"https:\/\/archive.sana.sy\/es\/?p=162809","title":{"rendered":"Un nuevo ni\u00f1o v\u00edctima de la falta atenci\u00f3n m\u00e9dica en el campamento Al-Hol"},"content":{"rendered":"<p style=\"text-align: justify;\"><strong><span style=\"color: #800000;\">Hasakeh, SANA<\/span><\/strong><\/p>\n<p style=\"text-align: justify;\">La falta de atenci\u00f3n m\u00e9dica en el campamento al-Hol al este de la ciudad de Hasakeh, cobr\u00f3 la vida de un ni\u00f1o.<\/p>\n<p style=\"text-align: justify;\">Activistas locales informaron que la falta de atenci\u00f3n m\u00e9dica caus\u00f3 la muerte de un ni\u00f1o, e indicaron que dicho campamento vive un estado de deterioro constante en las condiciones de sus residentes debido a la escasez de agua y alimentos que han llevado a la propagaci\u00f3n de enfermedades.<\/p>\n<p style=\"text-align: justify;\">Washington y su milicia FDS retienen desde hace cinco a\u00f1os en el campamento Al-Hol a decenas de miles de desplazados sirios que viven en una p\u00e9sima situaci\u00f3n por la falta de agua, higiene y alimentos.<\/p>\n<p style=\"text-align: justify;\"><span style=\"color: #0000ff;\">fm\/ed<\/span><\/p>\n","protected":false},"excerpt":{"rendered":"<p>Hasakeh, SANA La falta de atenci\u00f3n m\u00e9dica en el campamento al-Hol al este de la ciudad de Hasakeh, cobr\u00f3 la vida de un ni\u00f1o. Activistas locales informaron que la falta de atenci\u00f3n m\u00e9dica caus\u00f3 la muerte de un ni\u00f1o, e indicaron que dicho campamento vive un estado de deterioro constante en las condiciones de sus &hellip;<\/p>\n","protected":false},"author":32,"featured_media":162810,"comment_status":"closed","ping_status":"closed","sticky":false,"template":"","format":"standard","meta":{"footnotes":""},"categories":[447,597,573,476,7541],"tags":[],"class_list":["post-162809","post","type-post","status-publish","format-standard","has-post-thumbnail","","category-local-politica","category-cinta-de-noticias","category-la-realidad-de-los-acontecimientos-en-siria","category-locales","category-ultimas-noticias"],"_links":{"self":[{"href":"https:\/\/archive.sana.sy\/es\/index.php?rest_route=\/wp\/v2\/posts\/162809"}],"collection":[{"href":"https:\/\/archive.sana.sy\/es\/index.php?rest_route=\/wp\/v2\/posts"}],"about":[{"href":"https:\/\/archive.sana.sy\/es\/index.php?rest_route=\/wp\/v2\/types\/post"}],"author":[{"embeddable":true,"href":"https:\/\/archive.sana.sy\/es\/index.php?rest_route=\/wp\/v2\/users\/32"}],"replies":[{"embeddable":true,"href":"https:\/\/archive.sana.sy\/es\/index.php?rest_route=%2Fwp%2Fv2%2Fcomments&post=162809"}],"version-history":[{"count":0,"href":"https:\/\/archive.sana.sy\/es\/index.php?rest_route=\/wp\/v2\/posts\/162809\/revisions"}],"wp:featuredmedia":[{"embeddable":true,"href":"https:\/\/archive.sana.sy\/es\/index.php?rest_route=\/wp\/v2\/media\/162810"}],"wp:attachment":[{"href":"https:\/\/archive.sana.sy\/es\/index.php?rest_route=%2Fwp%2Fv2%2Fmedia&parent=162809"}],"wp:term":[{"taxonomy":"category","embeddable":true,"href":"https:\/\/archive.sana.sy\/es\/index.php?rest_route=%2Fwp%2Fv2%2Fcategories&post=162809"},{"taxonomy":"post_tag","embeddable":true,"href":"https:\/\/archive.sana.sy\/es\/index.php?rest_route=%2Fwp%2Fv2%2Ftags&post=162809"}],"curies":[{"name":"wp","href":"https:\/\/api.w.org\/{rel}","templated":true}]}}