{"id":162812,"date":"2020-12-13T16:51:35","date_gmt":"2020-12-13T14:51:35","guid":{"rendered":"http:\/\/107.6.182.27\/es\/?p=162812"},"modified":"2020-12-13T16:51:50","modified_gmt":"2020-12-13T14:51:50","slug":"siria-gana-segundo-lugar-en-el-campeonato-arabe-de-aritmetica-mental","status":"publish","type":"post","link":"https:\/\/archive.sana.sy\/es\/?p=162812","title":{"rendered":"Siria gana segundo lugar en el Campeonato \u00c1rabe de Aritm\u00e9tica Mental"},"content":{"rendered":"<p style=\"text-align: justify;\"><span style=\"color: #800000;\"><strong>Hasakeh, SANA<\/strong><\/span><\/p>\n<p style=\"text-align: justify;\">El equipo sirio de la ciudad de Qamishli en el nordeste de Siria, ocup\u00f3 el segundo lugar en el Campeonato \u00c1rabe de Aritm\u00e9tica Mental, que finaliz\u00f3 en Egipto, con la participaci\u00f3n de 46 equipos.<\/p>\n<p style=\"text-align: justify;\">El jefe del equipo sirio, Raud Al-Muktef, dijo en una entrevista con el corresponsal de SANA, que obtener el segundo lugar es el resultado de un trabajo duro y preparaci\u00f3n continua.<\/p>\n<p style=\"text-align: justify;\">Indic\u00f3 que en un corto per\u00edodo de tiempo, los participantes realizaron varias operaciones aritm\u00e9ticas complejas.<\/p>\n<p style=\"text-align: justify;\">El equipo incluy\u00f3 a 10 ni\u00f1os de la ciudad de Al-Qamishli, de edades entre 5 y 10 a\u00f1os, y la participante m\u00e1s joven fue una ni\u00f1a de 5 a\u00f1os.<\/p>\n<p style=\"text-align: justify;\"><strong><span style=\"color: #0000ff;\">ed\/fm<\/span><\/strong><\/p>\n<div id='gallery-1' class='gallery galleryid-162812 gallery-columns-1 gallery-size-full'><figure class='gallery-item'>\n\t\t\t<div class='gallery-icon landscape'>\n\t\t\t\t<a href='https:\/\/archive.sana.sy\/es\/wp-content\/uploads\/2020\/12\/3-21.png'><img loading=\"lazy\" decoding=\"async\" width=\"660\" height=\"467\" src=\"https:\/\/archive.sana.sy\/es\/wp-content\/uploads\/2020\/12\/3-21.png\" class=\"attachment-full size-full\" alt=\"\" srcset=\"https:\/\/archive.sana.sy\/es\/wp-content\/uploads\/2020\/12\/3-21.png 660w, https:\/\/archive.sana.sy\/es\/wp-content\/uploads\/2020\/12\/3-21-300x212.png 300w, https:\/\/archive.sana.sy\/es\/wp-content\/uploads\/2020\/12\/3-21-150x106.png 150w\" sizes=\"(max-width: 660px) 100vw, 660px\" \/><\/a>\n\t\t\t<\/div><\/figure><figure class='gallery-item'>\n\t\t\t<div class='gallery-icon landscape'>\n\t\t\t\t<a href='https:\/\/archive.sana.sy\/es\/wp-content\/uploads\/2020\/12\/6-17.png'><img loading=\"lazy\" decoding=\"async\" width=\"660\" height=\"477\" src=\"https:\/\/archive.sana.sy\/es\/wp-content\/uploads\/2020\/12\/6-17.png\" class=\"attachment-full size-full\" alt=\"\" srcset=\"https:\/\/archive.sana.sy\/es\/wp-content\/uploads\/2020\/12\/6-17.png 660w, https:\/\/archive.sana.sy\/es\/wp-content\/uploads\/2020\/12\/6-17-300x217.png 300w, https:\/\/archive.sana.sy\/es\/wp-content\/uploads\/2020\/12\/6-17-150x108.png 150w\" sizes=\"(max-width: 660px) 100vw, 660px\" \/><\/a>\n\t\t\t<\/div><\/figure><figure class='gallery-item'>\n\t\t\t<div class='gallery-icon landscape'>\n\t\t\t\t<a href='https:\/\/archive.sana.sy\/es\/wp-content\/uploads\/2020\/12\/4-21.png'><img loading=\"lazy\" decoding=\"async\" width=\"660\" height=\"422\" src=\"https:\/\/archive.sana.sy\/es\/wp-content\/uploads\/2020\/12\/4-21.png\" class=\"attachment-full size-full\" alt=\"\" srcset=\"https:\/\/archive.sana.sy\/es\/wp-content\/uploads\/2020\/12\/4-21.png 660w, https:\/\/archive.sana.sy\/es\/wp-content\/uploads\/2020\/12\/4-21-300x192.png 300w, https:\/\/archive.sana.sy\/es\/wp-content\/uploads\/2020\/12\/4-21-150x96.png 150w\" sizes=\"(max-width: 660px) 100vw, 660px\" \/><\/a>\n\t\t\t<\/div><\/figure>\n\t\t<\/div>\n\n","protected":false},"excerpt":{"rendered":"<p>Hasakeh, SANA El equipo sirio de la ciudad de Qamishli en el nordeste de Siria, ocup\u00f3 el segundo lugar en el Campeonato \u00c1rabe de Aritm\u00e9tica Mental, que finaliz\u00f3 en Egipto, con la participaci\u00f3n de 46 equipos. El jefe del equipo sirio, Raud Al-Muktef, dijo en una entrevista con el corresponsal de SANA, que obtener el &hellip;<\/p>\n","protected":false},"author":32,"featured_media":162813,"comment_status":"closed","ping_status":"closed","sticky":false,"template":"","format":"standard","meta":{"footnotes":""},"categories":[597,494,467],"tags":[],"class_list":["post-162812","post","type-post","status-publish","format-standard","has-post-thumbnail","","category-cinta-de-noticias","category-deportes","category-siria-y-el-mundo"],"_links":{"self":[{"href":"https:\/\/archive.sana.sy\/es\/index.php?rest_route=\/wp\/v2\/posts\/162812"}],"collection":[{"href":"https:\/\/archive.sana.sy\/es\/index.php?rest_route=\/wp\/v2\/posts"}],"about":[{"href":"https:\/\/archive.sana.sy\/es\/index.php?rest_route=\/wp\/v2\/types\/post"}],"author":[{"embeddable":true,"href":"https:\/\/archive.sana.sy\/es\/index.php?rest_route=\/wp\/v2\/users\/32"}],"replies":[{"embeddable":true,"href":"https:\/\/archive.sana.sy\/es\/index.php?rest_route=%2Fwp%2Fv2%2Fcomments&post=162812"}],"version-history":[{"count":0,"href":"https:\/\/archive.sana.sy\/es\/index.php?rest_route=\/wp\/v2\/posts\/162812\/revisions"}],"wp:featuredmedia":[{"embeddable":true,"href":"https:\/\/archive.sana.sy\/es\/index.php?rest_route=\/wp\/v2\/media\/162813"}],"wp:attachment":[{"href":"https:\/\/archive.sana.sy\/es\/index.php?rest_route=%2Fwp%2Fv2%2Fmedia&parent=162812"}],"wp:term":[{"taxonomy":"category","embeddable":true,"href":"https:\/\/archive.sana.sy\/es\/index.php?rest_route=%2Fwp%2Fv2%2Fcategories&post=162812"},{"taxonomy":"post_tag","embeddable":true,"href":"https:\/\/archive.sana.sy\/es\/index.php?rest_route=%2Fwp%2Fv2%2Ftags&post=162812"}],"curies":[{"name":"wp","href":"https:\/\/api.w.org\/{rel}","templated":true}]}}