{"id":162832,"date":"2020-12-13T19:15:43","date_gmt":"2020-12-13T17:15:43","guid":{"rendered":"http:\/\/107.6.182.27\/es\/?p=162832"},"modified":"2020-12-13T19:15:43","modified_gmt":"2020-12-13T17:15:43","slug":"muertes-y-heridos-en-pugnas-entre-mercenarios-proturcos-al-norte-de-alepo","status":"publish","type":"post","link":"https:\/\/archive.sana.sy\/es\/?p=162832","title":{"rendered":"Muertes y heridos en pugnas entre mercenarios proturcos al norte de Alepo"},"content":{"rendered":"<p style=\"font-weight: 400; text-align: justify;\"><span style=\"color: #800000;\"><strong>Alepo, SANA<\/strong><\/span><\/p>\n<p style=\"font-weight: 400; text-align: justify;\">Varios mercenarios apadrinados por la ocupaci\u00f3n turca murieron y otros resultaron heridos a consecuencia de nuevos combates entre ellos en la localidad de Jenderas, situada en las inmediaciones de la ocupada ciudad de Efr\u00edn, al norte\u00a0\u00a0de Alepo.<\/p>\n<p style=\"font-weight: 400; text-align: justify;\">\u201cUn terrorista pereci\u00f3 y otros resultaron heridos en el estallido de combates entre los elementos del llamado \u201cMovimiento de Nour Eddin Zinki\u201d (apadrinados por la ocupaci\u00f3n turca), y\u00a0\u00a0otras agrupaciones en varios barrios de la localidad de Jenderis al norte de Alepo\u201d, seg\u00fan informaron fuentes locales al reportero de SANA.<\/p>\n<p style=\"font-weight: 400; text-align: justify;\">Las fuentes a\u00f1adieron que \u201ces posible que haya civiles entre los heridos debido a los cruentos enfrentamientos entre los grupos terroristas respaldados por la ocupaci\u00f3n turca\u201d.<\/p>\n<p style=\"font-weight: 400; text-align: justify;\">Contin\u00faan las pugnas entre las agrupaciones apadrinadas por el r\u00e9gimen turco en la mayor parte de las zonas donde est\u00e1n desplegadas, lo que ha provocado decenas de muertos e heridos,\u00a0\u00a0algunos entre la poblaci\u00f3n civil, adem\u00e1s de causar da\u00f1os materiales en las propiedades privadas y p\u00fablicas.<\/p>\n<p style=\"text-align: justify;\"><span style=\"color: #0000ff;\"><strong>ah\/rsh<\/strong><\/span><\/p>\n","protected":false},"excerpt":{"rendered":"<p>Alepo, SANA Varios mercenarios apadrinados por la ocupaci\u00f3n turca murieron y otros resultaron heridos a consecuencia de nuevos combates entre ellos en la localidad de Jenderas, situada en las inmediaciones de la ocupada ciudad de Efr\u00edn, al norte\u00a0\u00a0de Alepo. \u201cUn terrorista pereci\u00f3 y otros resultaron heridos en el estallido de combates entre los elementos del &hellip;<\/p>\n","protected":false},"author":30,"featured_media":162833,"comment_status":"closed","ping_status":"closed","sticky":false,"template":"","format":"standard","meta":{"footnotes":""},"categories":[597,573,7541],"tags":[18588],"class_list":["post-162832","post","type-post","status-publish","format-standard","has-post-thumbnail","","category-cinta-de-noticias","category-la-realidad-de-los-acontecimientos-en-siria","category-ultimas-noticias","tag-muertes-y-heridos-en-pugnas-entre-mercenarios-proturcos-al-norte-de-alepo"],"_links":{"self":[{"href":"https:\/\/archive.sana.sy\/es\/index.php?rest_route=\/wp\/v2\/posts\/162832"}],"collection":[{"href":"https:\/\/archive.sana.sy\/es\/index.php?rest_route=\/wp\/v2\/posts"}],"about":[{"href":"https:\/\/archive.sana.sy\/es\/index.php?rest_route=\/wp\/v2\/types\/post"}],"author":[{"embeddable":true,"href":"https:\/\/archive.sana.sy\/es\/index.php?rest_route=\/wp\/v2\/users\/30"}],"replies":[{"embeddable":true,"href":"https:\/\/archive.sana.sy\/es\/index.php?rest_route=%2Fwp%2Fv2%2Fcomments&post=162832"}],"version-history":[{"count":0,"href":"https:\/\/archive.sana.sy\/es\/index.php?rest_route=\/wp\/v2\/posts\/162832\/revisions"}],"wp:featuredmedia":[{"embeddable":true,"href":"https:\/\/archive.sana.sy\/es\/index.php?rest_route=\/wp\/v2\/media\/162833"}],"wp:attachment":[{"href":"https:\/\/archive.sana.sy\/es\/index.php?rest_route=%2Fwp%2Fv2%2Fmedia&parent=162832"}],"wp:term":[{"taxonomy":"category","embeddable":true,"href":"https:\/\/archive.sana.sy\/es\/index.php?rest_route=%2Fwp%2Fv2%2Fcategories&post=162832"},{"taxonomy":"post_tag","embeddable":true,"href":"https:\/\/archive.sana.sy\/es\/index.php?rest_route=%2Fwp%2Fv2%2Ftags&post=162832"}],"curies":[{"name":"wp","href":"https:\/\/api.w.org\/{rel}","templated":true}]}}