{"id":162848,"date":"2020-12-14T08:37:20","date_gmt":"2020-12-14T06:37:20","guid":{"rendered":"http:\/\/107.6.182.27\/es\/?p=162848"},"modified":"2023-01-10T15:14:38","modified_gmt":"2023-01-10T13:14:38","slug":"agricultores-de-las-areas-liberadas-de-raqa-siembran-7000-mil-hectareas-de-trigo","status":"publish","type":"post","link":"https:\/\/archive.sana.sy\/es\/?p=162848","title":{"rendered":"Agricultores de las \u00e1reas liberadas de Raqa siembran 7000 mil hect\u00e1reas de trigo"},"content":{"rendered":"<p style=\"text-align: justify;\"><strong><span style=\"color: #800000;\">Raqa, SANA<\/span><\/strong><\/p>\n<p style=\"text-align: justify;\">Durante su recorrido en las \u00e1reas liberadas de la provincia de Raqa y su encuentro con los agricultores, el ministro de Agricultura y Reforma Agraria, Muhammad Hassan Qatana, destac\u00f3 la necesidad de implementar el plan agr\u00edcola y aprovechar todas las \u00e1reas cultivables que fueron liberadas por el Ej\u00e9rcito \u00c1rabe Sirio.<\/p>\n<p style=\"text-align: justify;\">El titular expres\u00f3 la disposici\u00f3n del ministerio a cooperar y coordinar con todas las autoridades para superar las diversas dificultades y problemas que enfrentan los agricultores en el oeste de la provincia de Raqa, teniendo en cuenta la prioridad de incrementar las tierras cultivadas.<\/p>\n<p style=\"text-align: justify;\">El recorrido del ministro incluy\u00f3 las instalaciones del centro de cereales en la localidad de Debsi que presencian obras de rehabilitaci\u00f3n y reparaci\u00f3n de los da\u00f1os sufridos por las acciones terroristas, en preparaci\u00f3n para su puesta en servicio pr\u00f3ximamente.<br \/>\nTambi\u00e9n, estuvo al tanto de la realidad de los campos de trigo, los sistemas de riego y los silos que est\u00e1n siendo rehabilitados.<\/p>\n<p style=\"text-align: justify;\">A su vez, el director de Agricultura de Raqa, Ali Fayyad, explic\u00f3 que el plan de siembra de trigo en el campo liberado asciende a 17.200 hect\u00e1reas de las cuales se cumpli\u00f3 hasta la fecha 7.000 hect\u00e1reas.<\/p>\n<p style=\"text-align: justify;\"><span style=\"color: #0000ff;\"><strong>ed\/fm\/ws<\/strong><\/span><\/p>\n","protected":false},"excerpt":{"rendered":"<p>Raqa, SANA Durante su recorrido en las \u00e1reas liberadas de la provincia de Raqa y su encuentro con los agricultores, el ministro de Agricultura y Reforma Agraria, Muhammad Hassan Qatana, destac\u00f3 la necesidad de implementar el plan agr\u00edcola y aprovechar todas las \u00e1reas cultivables que fueron liberadas por el Ej\u00e9rcito \u00c1rabe Sirio. El titular expres\u00f3 &hellip;<\/p>\n","protected":false},"author":35,"featured_media":162849,"comment_status":"closed","ping_status":"closed","sticky":false,"template":"","format":"standard","meta":{"footnotes":""},"categories":[597,485,573,476,7541],"tags":[],"class_list":["post-162848","post","type-post","status-publish","format-standard","has-post-thumbnail","","category-cinta-de-noticias","category-informes-negocios-y-finanzas","category-la-realidad-de-los-acontecimientos-en-siria","category-locales","category-ultimas-noticias"],"_links":{"self":[{"href":"https:\/\/archive.sana.sy\/es\/index.php?rest_route=\/wp\/v2\/posts\/162848"}],"collection":[{"href":"https:\/\/archive.sana.sy\/es\/index.php?rest_route=\/wp\/v2\/posts"}],"about":[{"href":"https:\/\/archive.sana.sy\/es\/index.php?rest_route=\/wp\/v2\/types\/post"}],"author":[{"embeddable":true,"href":"https:\/\/archive.sana.sy\/es\/index.php?rest_route=\/wp\/v2\/users\/35"}],"replies":[{"embeddable":true,"href":"https:\/\/archive.sana.sy\/es\/index.php?rest_route=%2Fwp%2Fv2%2Fcomments&post=162848"}],"version-history":[{"count":0,"href":"https:\/\/archive.sana.sy\/es\/index.php?rest_route=\/wp\/v2\/posts\/162848\/revisions"}],"wp:featuredmedia":[{"embeddable":true,"href":"https:\/\/archive.sana.sy\/es\/index.php?rest_route=\/wp\/v2\/media\/162849"}],"wp:attachment":[{"href":"https:\/\/archive.sana.sy\/es\/index.php?rest_route=%2Fwp%2Fv2%2Fmedia&parent=162848"}],"wp:term":[{"taxonomy":"category","embeddable":true,"href":"https:\/\/archive.sana.sy\/es\/index.php?rest_route=%2Fwp%2Fv2%2Fcategories&post=162848"},{"taxonomy":"post_tag","embeddable":true,"href":"https:\/\/archive.sana.sy\/es\/index.php?rest_route=%2Fwp%2Fv2%2Ftags&post=162848"}],"curies":[{"name":"wp","href":"https:\/\/api.w.org\/{rel}","templated":true}]}}