{"id":162874,"date":"2020-12-14T09:44:47","date_gmt":"2020-12-14T07:44:47","guid":{"rendered":"http:\/\/107.6.182.27\/es\/?p=162874"},"modified":"2023-01-12T14:42:27","modified_gmt":"2023-01-12T12:42:27","slug":"explosion-en-un-petrolero-frente-al-puerto-saudi-de-jeddah","status":"publish","type":"post","link":"https:\/\/archive.sana.sy\/es\/?p=162874","title":{"rendered":"Explosi\u00f3n en un petrolero frente al puerto saud\u00ed de Jeddah"},"content":{"rendered":"<p style=\"text-align: justify;\"><span style=\"color: #800000;\"><strong>Jeddah, SANA<\/strong><\/span><\/p>\n<p style=\"text-align: justify;\">La empresa propietaria del petrolero que sufri\u00f3 una explosi\u00f3n en el puerto saud\u00ed de Jeddah anunci\u00f3 que es una &#8220;fuente externa es responsable del accidente&#8221;.<\/p>\n<p style=\"text-align: justify;\">La agencia France Presse cit\u00f3 a la compa\u00f1\u00eda propietaria del barco con sede en Singapur, diciendo en un comunicado que el petrolero fue da\u00f1ado por una fuente externa no identificada, lo que provoc\u00f3 una explosi\u00f3n e incendio.<\/p>\n<p style=\"text-align: justify;\">Indic\u00f3 que no hubo heridos entre la tripulaci\u00f3n del petrolero.<\/p>\n<p style=\"text-align: justify;\">En el mes pasado, un petrolero griego fue detonado por una mina marina frente a la costa de Arabia Saudita.<\/p>\n<p style=\"text-align: justify;\"><strong><span style=\"color: #0000ff;\">ed\/fm<\/span><\/strong><\/p>\n","protected":false},"excerpt":{"rendered":"<p>Jeddah, SANA La empresa propietaria del petrolero que sufri\u00f3 una explosi\u00f3n en el puerto saud\u00ed de Jeddah anunci\u00f3 que es una &#8220;fuente externa es responsable del accidente&#8221;. La agencia France Presse cit\u00f3 a la compa\u00f1\u00eda propietaria del barco con sede en Singapur, diciendo en un comunicado que el petrolero fue da\u00f1ado por una fuente externa &hellip;<\/p>\n","protected":false},"author":32,"featured_media":162875,"comment_status":"closed","ping_status":"closed","sticky":false,"template":"","format":"standard","meta":{"footnotes":""},"categories":[597,456,7541],"tags":[],"class_list":["post-162874","post","type-post","status-publish","format-standard","has-post-thumbnail","","category-cinta-de-noticias","category-arabe-internacional-politica","category-ultimas-noticias"],"_links":{"self":[{"href":"https:\/\/archive.sana.sy\/es\/index.php?rest_route=\/wp\/v2\/posts\/162874"}],"collection":[{"href":"https:\/\/archive.sana.sy\/es\/index.php?rest_route=\/wp\/v2\/posts"}],"about":[{"href":"https:\/\/archive.sana.sy\/es\/index.php?rest_route=\/wp\/v2\/types\/post"}],"author":[{"embeddable":true,"href":"https:\/\/archive.sana.sy\/es\/index.php?rest_route=\/wp\/v2\/users\/32"}],"replies":[{"embeddable":true,"href":"https:\/\/archive.sana.sy\/es\/index.php?rest_route=%2Fwp%2Fv2%2Fcomments&post=162874"}],"version-history":[{"count":0,"href":"https:\/\/archive.sana.sy\/es\/index.php?rest_route=\/wp\/v2\/posts\/162874\/revisions"}],"wp:featuredmedia":[{"embeddable":true,"href":"https:\/\/archive.sana.sy\/es\/index.php?rest_route=\/wp\/v2\/media\/162875"}],"wp:attachment":[{"href":"https:\/\/archive.sana.sy\/es\/index.php?rest_route=%2Fwp%2Fv2%2Fmedia&parent=162874"}],"wp:term":[{"taxonomy":"category","embeddable":true,"href":"https:\/\/archive.sana.sy\/es\/index.php?rest_route=%2Fwp%2Fv2%2Fcategories&post=162874"},{"taxonomy":"post_tag","embeddable":true,"href":"https:\/\/archive.sana.sy\/es\/index.php?rest_route=%2Fwp%2Fv2%2Ftags&post=162874"}],"curies":[{"name":"wp","href":"https:\/\/api.w.org\/{rel}","templated":true}]}}