{"id":162908,"date":"2020-12-14T17:43:14","date_gmt":"2020-12-14T15:43:14","guid":{"rendered":"http:\/\/107.6.182.27\/es\/?p=162908"},"modified":"2020-12-14T17:43:14","modified_gmt":"2020-12-14T15:43:14","slug":"ministerio-de-exteriores-y-expatriados-en-dos-misivas-al-consejo-de-seguridad-y-al-secretario-general-de-la-onu-el-regimen-turca-corta-el-agua-a-mas-de-un-millon-de-ciudadanos-en-la-provincia-de-hass","status":"publish","type":"post","link":"https:\/\/archive.sana.sy\/es\/?p=162908","title":{"rendered":"Ministerio de Exteriores y Expatriados en dos misivas al Consejo de Seguridad y al Secretario General de la ONU: el r\u00e9gimen turca corta el agua a m\u00e1s de un mill\u00f3n de ciudadanos en la provincia de Hassakeh lo cual constituye un crimen de guerra codificado que se a\u00f1ade a los cr\u00edmenes de ocupaci\u00f3n y agresi\u00f3n."},"content":{"rendered":"","protected":false},"excerpt":{"rendered":"","protected":false},"author":32,"featured_media":0,"comment_status":"closed","ping_status":"closed","sticky":false,"template":"","format":"standard","meta":{"footnotes":""},"categories":[596],"tags":[],"class_list":["post-162908","post","type-post","status-publish","format-standard","","category-urgente"],"_links":{"self":[{"href":"https:\/\/archive.sana.sy\/es\/index.php?rest_route=\/wp\/v2\/posts\/162908"}],"collection":[{"href":"https:\/\/archive.sana.sy\/es\/index.php?rest_route=\/wp\/v2\/posts"}],"about":[{"href":"https:\/\/archive.sana.sy\/es\/index.php?rest_route=\/wp\/v2\/types\/post"}],"author":[{"embeddable":true,"href":"https:\/\/archive.sana.sy\/es\/index.php?rest_route=\/wp\/v2\/users\/32"}],"replies":[{"embeddable":true,"href":"https:\/\/archive.sana.sy\/es\/index.php?rest_route=%2Fwp%2Fv2%2Fcomments&post=162908"}],"version-history":[{"count":0,"href":"https:\/\/archive.sana.sy\/es\/index.php?rest_route=\/wp\/v2\/posts\/162908\/revisions"}],"wp:attachment":[{"href":"https:\/\/archive.sana.sy\/es\/index.php?rest_route=%2Fwp%2Fv2%2Fmedia&parent=162908"}],"wp:term":[{"taxonomy":"category","embeddable":true,"href":"https:\/\/archive.sana.sy\/es\/index.php?rest_route=%2Fwp%2Fv2%2Fcategories&post=162908"},{"taxonomy":"post_tag","embeddable":true,"href":"https:\/\/archive.sana.sy\/es\/index.php?rest_route=%2Fwp%2Fv2%2Ftags&post=162908"}],"curies":[{"name":"wp","href":"https:\/\/api.w.org\/{rel}","templated":true}]}}