{"id":162912,"date":"2020-12-14T18:18:16","date_gmt":"2020-12-14T16:18:16","guid":{"rendered":"http:\/\/107.6.182.27\/es\/?p=162912"},"modified":"2020-12-14T20:09:07","modified_gmt":"2020-12-14T18:09:07","slug":"cancilleria-siria-condena-las-practicas-de-las-tropas-de-ocupacion-turcas-contra-el-pueblo-sirio-y-los-frecuentes-cortes-de-agua-a-la-poblacion-de-hassakeh","status":"publish","type":"post","link":"https:\/\/archive.sana.sy\/es\/?p=162912","title":{"rendered":"Siria env\u00eda mensajes de protesta y denuncia a la ONU por el crimen turco de cortar el agua a un mill\u00f3n de civiles en Hasakeh"},"content":{"rendered":"<p style=\"text-align: justify;\"><span style=\"color: #800000;\"><strong>Damasco, SANA<\/strong><\/span><\/p>\n<p style=\"text-align: justify;\">Siria conden\u00f3 las frecuentes pr\u00e1cticas criminales de las tropas de ocupaci\u00f3n turcas contra el pueblo y la soberan\u00eda e integridad territorial de Siria por medio de distintos m\u00e9todos, entre ellos los cortes de agua a la poblaci\u00f3n de la ciudad de Hassakeh y sus suburbios.<\/p>\n<p style=\"text-align: justify;\">En dos cartas con texto id\u00e9ntico dirigidas al secretario general de la ONU y al presidente del Consejo de Seguridad, el Ministerio de Exteriores y Expatriados exigi\u00f3 a ambos organismos internacionales que intervengan de inmediato para obligar al r\u00e9gimen turco a poner en funcionamiento la planta de agua de Aluk, y que ponga fin a sus violaciones, agresi\u00f3n y ocupaci\u00f3n de partes del territorio sirio.<\/p>\n<p style=\"text-align: justify;\">\u201cA continuaci\u00f3n de nuestros mensajes anteriores sobre las violaciones turcas y las agresiones peligrosas y frecuentes a la soberan\u00eda e integridad territorial de la Rep\u00fablica \u00c1rabe de Siria, quisi\u00e9ramos informarles que en marco de una pol\u00edtica sistem\u00e1tica y abierta las tropas de ocupaci\u00f3n turca cortaron nuevamente el agua al impedir el funcionamiento de la planta Aluk considerada como la principal fuente de agua potable para m\u00e1s de un mill\u00f3n de personas en la ciudad de Hassakeh y sus suburbios\u201d, afirm\u00f3 canciller\u00eda en sus misivas.<\/p>\n<p style=\"text-align: justify;\">Denunci\u00f3 que la poblaci\u00f3n a\u00fan sufre repetidos cortes de agua que suman ya 17 cortes desde el 9 de octubre del 2019 que es la fecha de la ocupaci\u00f3n turca del municipio de Ras al-Ain donde se ubica la planta que se encuentra sin funcionamiento desde el 30 de noviembre del 2020 y hasta el momento. \u201cEso va en marco de una pol\u00edtica turca barata de extorsi\u00f3n y presi\u00f3n al gobierno sirio\u201d, indic\u00f3.<\/p>\n<p style=\"text-align: justify;\">Las cartas destacan que Damasco condena esas pr\u00e1cticas criminales contra el pueblo sirio y tacha el corte de agua a la poblaci\u00f3n de Hasakeh como una violaci\u00f3n flagrante de los principios de la Carta de Naciones Unidas y de las resoluciones del Consejo de Seguridad.<\/p>\n<p style=\"text-align: justify;\">\u201cEl hecho de cortar el agua a m\u00e1s de un mill\u00f3n de ciudadanos constituye un crimen de guerra codificado que se a\u00f1ade a la ocupaci\u00f3n y agresi\u00f3n\u201d, a\u00f1adi\u00f3.<\/p>\n<p style=\"text-align: justify;\">Asimismo, exigi\u00f3 al Consejo de Seguridad y a la Secretar\u00eda General de las Naciones Unidas que intervengan de inmediato para obligar al r\u00e9gimen turco a respetar las m\u00e1s elementales normas del derecho internacional y, comprometerlo a poner en funcionamiento la planta de Aluk y hacer frente a esas pr\u00e1cticas inhumanas que se proponen asfixiar a los civiles y privarlos de los medios de vida.<\/p>\n<p style=\"text-align: justify;\"><strong><span style=\"color: #0000ff;\">rsh\/fm\/ed<\/span><\/strong><\/p>\n","protected":false},"excerpt":{"rendered":"<p>Damasco, SANA Siria conden\u00f3 las frecuentes pr\u00e1cticas criminales de las tropas de ocupaci\u00f3n turcas contra el pueblo y la soberan\u00eda e integridad territorial de Siria por medio de distintos m\u00e9todos, entre ellos los cortes de agua a la poblaci\u00f3n de la ciudad de Hassakeh y sus suburbios. En dos cartas con texto id\u00e9ntico dirigidas al &hellip;<\/p>\n","protected":false},"author":32,"featured_media":162913,"comment_status":"closed","ping_status":"closed","sticky":false,"template":"","format":"standard","meta":{"footnotes":""},"categories":[477,447,597,476,7541],"tags":[],"class_list":["post-162912","post","type-post","status-publish","format-standard","has-post-thumbnail","","category-noticias-edulcorantes","category-local-politica","category-cinta-de-noticias","category-locales","category-ultimas-noticias"],"_links":{"self":[{"href":"https:\/\/archive.sana.sy\/es\/index.php?rest_route=\/wp\/v2\/posts\/162912"}],"collection":[{"href":"https:\/\/archive.sana.sy\/es\/index.php?rest_route=\/wp\/v2\/posts"}],"about":[{"href":"https:\/\/archive.sana.sy\/es\/index.php?rest_route=\/wp\/v2\/types\/post"}],"author":[{"embeddable":true,"href":"https:\/\/archive.sana.sy\/es\/index.php?rest_route=\/wp\/v2\/users\/32"}],"replies":[{"embeddable":true,"href":"https:\/\/archive.sana.sy\/es\/index.php?rest_route=%2Fwp%2Fv2%2Fcomments&post=162912"}],"version-history":[{"count":0,"href":"https:\/\/archive.sana.sy\/es\/index.php?rest_route=\/wp\/v2\/posts\/162912\/revisions"}],"wp:featuredmedia":[{"embeddable":true,"href":"https:\/\/archive.sana.sy\/es\/index.php?rest_route=\/wp\/v2\/media\/162913"}],"wp:attachment":[{"href":"https:\/\/archive.sana.sy\/es\/index.php?rest_route=%2Fwp%2Fv2%2Fmedia&parent=162912"}],"wp:term":[{"taxonomy":"category","embeddable":true,"href":"https:\/\/archive.sana.sy\/es\/index.php?rest_route=%2Fwp%2Fv2%2Fcategories&post=162912"},{"taxonomy":"post_tag","embeddable":true,"href":"https:\/\/archive.sana.sy\/es\/index.php?rest_route=%2Fwp%2Fv2%2Ftags&post=162912"}],"curies":[{"name":"wp","href":"https:\/\/api.w.org\/{rel}","templated":true}]}}