{"id":163045,"date":"2020-12-15T16:25:42","date_gmt":"2020-12-15T14:25:42","guid":{"rendered":"http:\/\/107.6.182.27\/es\/?p=163045"},"modified":"2020-12-15T16:26:54","modified_gmt":"2020-12-15T14:26:54","slug":"rohani-recibe-credenciales-del-nuevo-embajador-sirio-y-reitera-su-apoyo-a-siria-hasta-lograr-la-victoria-definitiva","status":"publish","type":"post","link":"https:\/\/archive.sana.sy\/es\/?p=163045","title":{"rendered":"Rohani recibe credenciales del nuevo embajador sirio y reitera su apoyo a Siria hasta lograr la victoria definitiva"},"content":{"rendered":"<p style=\"text-align: justify\"><span style=\"color: #800000\">Teher\u00e1n, SANA<\/span><\/p>\n<p style=\"text-align: justify\">El presidente iran\u00ed, Hassan Rohani, reiter\u00f3 la postura de su pa\u00eds en apoyo Siria, gobierno y pueblo, hasta que logre la victoria final sobre el terrorismo.<\/p>\n<p style=\"text-align: justify\">Al recibir las cartas credenciales del nuevo embajador de Siria ante Ir\u00e1n, Shafik Dayoub, el mandatario iran\u00ed calific\u00f3 los lazos sirio-iran\u00edes de \u201cestrat\u00e9gicos, amistosos y fraternales\u201d, y agreg\u00f3 que \u201cla Rep\u00fablica Isl\u00e1mica de Ir\u00e1n se ha mantenido con el pueblo sirio en la misma trinchera de defensa de la justica y de lucha contra el terrorismo, y permanecer\u00e1 a su lado hasta que logre la victoria final, el regreso de los refugiados y la reconstrucci\u00f3n de Siria&#8221;.<\/p>\n<p style=\"text-align: justify\">Subray\u00f3 que Ir\u00e1n proseguir\u00e1 sus esfuerzos diplom\u00e1ticos, especialmente en el marco de las conversaciones de Astan\u00e1, hasta que Siria recupere por completo la estabilidad, la paz y la calma.<\/p>\n<p style=\"text-align: justify\">Por otro lado, Rohani expres\u00f3 sus condolencias por la partida f\u00edsica del ex viceprimer ministro y ministro de Relaciones Exteriores y Expatriados sirio, Walid al-Moallem, alabando la labor del canciller sirio en funci\u00f3n de fortalecer las relaciones entre los dos pa\u00edses.<\/p>\n<p style=\"text-align: justify\">A su vez, el embajador Dayoub enfatiz\u00f3 la determinaci\u00f3n del gobierno y el pueblo sirios para conservar todos los valiosos hitos alcanzados durante las \u00faltimas cuatro d\u00e9cadas en su relaci\u00f3n estrat\u00e9gica con Ir\u00e1n, y valor\u00f3 el constante apoyo del liderazgo y pueblo de este pa\u00eds amigo a Siria.<\/p>\n<p style=\"text-align: justify\">\u201cSiria mantendr\u00e1 la cooperaci\u00f3n con sus hermanos y aliados en la lucha contra el terrorismo y la ocupaci\u00f3n en todas sus formas y denominaciones\u201d, asever\u00f3 el embajador sirio, e indic\u00f3 que el gobierno sirio ha logrado grandes avances en este camino y continuar\u00e1 coordinando con Ir\u00e1n para contener las nefastas repercusiones de las medidas coercitivas unilaterales impuestas a ambos pa\u00edses.<\/p>\n<p style=\"text-align: justify\">Dayoub elogi\u00f3 los empe\u00f1os diplom\u00e1ticos de Ir\u00e1n para restaurar la estabilidad en Siria, facilitar el regreso de los desplazados, as\u00ed como su apoyo al trabajo del Comit\u00e9 de Discusi\u00f3n de la Constituci\u00f3n siria.<\/p>\n<p style=\"text-align: justify\"><span style=\"color: #0000ff\"><strong><em>la<\/em><\/strong><\/span><\/p>\n<div id='gallery-1' class='gallery galleryid-163045 gallery-columns-1 gallery-size-large'><figure class='gallery-item'>\n\t\t\t<div class='gallery-icon landscape'>\n\t\t\t\t<a href='https:\/\/archive.sana.sy\/es\/wp-content\/uploads\/2020\/12\/photo_2020-12-15_14-15-52-scaled.jpg'><img loading=\"lazy\" decoding=\"async\" width=\"618\" height=\"404\" src=\"https:\/\/archive.sana.sy\/es\/wp-content\/uploads\/2020\/12\/photo_2020-12-15_14-15-52-1024x670.jpg\" class=\"attachment-large size-large\" alt=\"\" srcset=\"https:\/\/archive.sana.sy\/es\/wp-content\/uploads\/2020\/12\/photo_2020-12-15_14-15-52-1024x670.jpg 1024w, https:\/\/archive.sana.sy\/es\/wp-content\/uploads\/2020\/12\/photo_2020-12-15_14-15-52-300x196.jpg 300w, https:\/\/archive.sana.sy\/es\/wp-content\/uploads\/2020\/12\/photo_2020-12-15_14-15-52-150x98.jpg 150w, https:\/\/archive.sana.sy\/es\/wp-content\/uploads\/2020\/12\/photo_2020-12-15_14-15-52-768x502.jpg 768w, https:\/\/archive.sana.sy\/es\/wp-content\/uploads\/2020\/12\/photo_2020-12-15_14-15-52-1536x1004.jpg 1536w, https:\/\/archive.sana.sy\/es\/wp-content\/uploads\/2020\/12\/photo_2020-12-15_14-15-52-2048x1339.jpg 2048w\" sizes=\"(max-width: 618px) 100vw, 618px\" \/><\/a>\n\t\t\t<\/div><\/figure><figure class='gallery-item'>\n\t\t\t<div class='gallery-icon landscape'>\n\t\t\t\t<a href='https:\/\/archive.sana.sy\/es\/wp-content\/uploads\/2020\/12\/photo_2020-12-15_14-15-42-scaled.jpg'><img loading=\"lazy\" decoding=\"async\" width=\"618\" height=\"387\" src=\"https:\/\/archive.sana.sy\/es\/wp-content\/uploads\/2020\/12\/photo_2020-12-15_14-15-42-1024x642.jpg\" class=\"attachment-large size-large\" alt=\"\" srcset=\"https:\/\/archive.sana.sy\/es\/wp-content\/uploads\/2020\/12\/photo_2020-12-15_14-15-42-1024x642.jpg 1024w, https:\/\/archive.sana.sy\/es\/wp-content\/uploads\/2020\/12\/photo_2020-12-15_14-15-42-300x188.jpg 300w, https:\/\/archive.sana.sy\/es\/wp-content\/uploads\/2020\/12\/photo_2020-12-15_14-15-42-150x94.jpg 150w, https:\/\/archive.sana.sy\/es\/wp-content\/uploads\/2020\/12\/photo_2020-12-15_14-15-42-768x481.jpg 768w, https:\/\/archive.sana.sy\/es\/wp-content\/uploads\/2020\/12\/photo_2020-12-15_14-15-42-1536x962.jpg 1536w, https:\/\/archive.sana.sy\/es\/wp-content\/uploads\/2020\/12\/photo_2020-12-15_14-15-42-2048x1283.jpg 2048w\" sizes=\"(max-width: 618px) 100vw, 618px\" \/><\/a>\n\t\t\t<\/div><\/figure>\n\t\t<\/div>\n\n","protected":false},"excerpt":{"rendered":"<p>Teher\u00e1n, SANA El presidente iran\u00ed, Hassan Rohani, reiter\u00f3 la postura de su pa\u00eds en apoyo Siria, gobierno y pueblo, hasta que logre la victoria final sobre el terrorismo. Al recibir las cartas credenciales del nuevo embajador de Siria ante Ir\u00e1n, Shafik Dayoub, el mandatario iran\u00ed calific\u00f3 los lazos sirio-iran\u00edes de \u201cestrat\u00e9gicos, amistosos y fraternales\u201d, y &hellip;<\/p>\n","protected":false},"author":24,"featured_media":163046,"comment_status":"closed","ping_status":"closed","sticky":false,"template":"","format":"standard","meta":{"footnotes":""},"categories":[597,467,7541],"tags":[],"class_list":["post-163045","post","type-post","status-publish","format-standard","has-post-thumbnail","","category-cinta-de-noticias","category-siria-y-el-mundo","category-ultimas-noticias"],"_links":{"self":[{"href":"https:\/\/archive.sana.sy\/es\/index.php?rest_route=\/wp\/v2\/posts\/163045"}],"collection":[{"href":"https:\/\/archive.sana.sy\/es\/index.php?rest_route=\/wp\/v2\/posts"}],"about":[{"href":"https:\/\/archive.sana.sy\/es\/index.php?rest_route=\/wp\/v2\/types\/post"}],"author":[{"embeddable":true,"href":"https:\/\/archive.sana.sy\/es\/index.php?rest_route=\/wp\/v2\/users\/24"}],"replies":[{"embeddable":true,"href":"https:\/\/archive.sana.sy\/es\/index.php?rest_route=%2Fwp%2Fv2%2Fcomments&post=163045"}],"version-history":[{"count":0,"href":"https:\/\/archive.sana.sy\/es\/index.php?rest_route=\/wp\/v2\/posts\/163045\/revisions"}],"wp:featuredmedia":[{"embeddable":true,"href":"https:\/\/archive.sana.sy\/es\/index.php?rest_route=\/wp\/v2\/media\/163046"}],"wp:attachment":[{"href":"https:\/\/archive.sana.sy\/es\/index.php?rest_route=%2Fwp%2Fv2%2Fmedia&parent=163045"}],"wp:term":[{"taxonomy":"category","embeddable":true,"href":"https:\/\/archive.sana.sy\/es\/index.php?rest_route=%2Fwp%2Fv2%2Fcategories&post=163045"},{"taxonomy":"post_tag","embeddable":true,"href":"https:\/\/archive.sana.sy\/es\/index.php?rest_route=%2Fwp%2Fv2%2Ftags&post=163045"}],"curies":[{"name":"wp","href":"https:\/\/api.w.org\/{rel}","templated":true}]}}