{"id":163092,"date":"2020-12-15T23:28:12","date_gmt":"2020-12-15T21:28:12","guid":{"rendered":"http:\/\/107.6.182.27\/es\/?p=163092"},"modified":"2020-12-15T23:28:12","modified_gmt":"2020-12-15T21:28:12","slug":"siria-reporta-150-nuevos-casos-de-covid-19","status":"publish","type":"post","link":"https:\/\/archive.sana.sy\/es\/?p=163092","title":{"rendered":"Siria reporta 150 nuevos casos de COVID-19"},"content":{"rendered":"<p><span style=\"color: #800000;\">Damasco, SANA<\/span><\/p>\n<p style=\"text-align: justify;\">Se confirmaron 150 nuevos casos en la \u00faltima jornada para un acumulado nacional de nueve mil 452, inform\u00f3 un comunicado del Ministerio de Salud.<\/p>\n<p style=\"text-align: justify;\">Agreg\u00f3 que 13 personas fallecieron en las \u00faltimas 24 lo que eleva a 543 la cifra de decesos a nivel nacional por esa enfermedad.<\/p>\n<p style=\"text-align: justify;\">La cifra de recuperados lleg\u00f3 a cuatro mil 494 despu\u00e9s de dar de alta m\u00e9dica a 62 infectados que dieron negativo al virus.<\/p>\n<p>&nbsp;<\/p>\n<p><em>mm<\/em><\/p>\n","protected":false},"excerpt":{"rendered":"<p>Damasco, SANA Se confirmaron 150 nuevos casos en la \u00faltima jornada para un acumulado nacional de nueve mil 452, inform\u00f3 un comunicado del Ministerio de Salud. Agreg\u00f3 que 13 personas fallecieron en las \u00faltimas 24 lo que eleva a 543 la cifra de decesos a nivel nacional por esa enfermedad. La cifra de recuperados lleg\u00f3 &hellip;<\/p>\n","protected":false},"author":36,"featured_media":163093,"comment_status":"closed","ping_status":"closed","sticky":false,"template":"","format":"standard","meta":{"footnotes":""},"categories":[597,476,7541],"tags":[],"class_list":["post-163092","post","type-post","status-publish","format-standard","has-post-thumbnail","","category-cinta-de-noticias","category-locales","category-ultimas-noticias"],"_links":{"self":[{"href":"https:\/\/archive.sana.sy\/es\/index.php?rest_route=\/wp\/v2\/posts\/163092"}],"collection":[{"href":"https:\/\/archive.sana.sy\/es\/index.php?rest_route=\/wp\/v2\/posts"}],"about":[{"href":"https:\/\/archive.sana.sy\/es\/index.php?rest_route=\/wp\/v2\/types\/post"}],"author":[{"embeddable":true,"href":"https:\/\/archive.sana.sy\/es\/index.php?rest_route=\/wp\/v2\/users\/36"}],"replies":[{"embeddable":true,"href":"https:\/\/archive.sana.sy\/es\/index.php?rest_route=%2Fwp%2Fv2%2Fcomments&post=163092"}],"version-history":[{"count":0,"href":"https:\/\/archive.sana.sy\/es\/index.php?rest_route=\/wp\/v2\/posts\/163092\/revisions"}],"wp:featuredmedia":[{"embeddable":true,"href":"https:\/\/archive.sana.sy\/es\/index.php?rest_route=\/wp\/v2\/media\/163093"}],"wp:attachment":[{"href":"https:\/\/archive.sana.sy\/es\/index.php?rest_route=%2Fwp%2Fv2%2Fmedia&parent=163092"}],"wp:term":[{"taxonomy":"category","embeddable":true,"href":"https:\/\/archive.sana.sy\/es\/index.php?rest_route=%2Fwp%2Fv2%2Fcategories&post=163092"},{"taxonomy":"post_tag","embeddable":true,"href":"https:\/\/archive.sana.sy\/es\/index.php?rest_route=%2Fwp%2Fv2%2Ftags&post=163092"}],"curies":[{"name":"wp","href":"https:\/\/api.w.org\/{rel}","templated":true}]}}