{"id":163097,"date":"2020-12-16T07:22:57","date_gmt":"2020-12-16T05:22:57","guid":{"rendered":"http:\/\/107.6.182.27\/es\/?p=163097"},"modified":"2023-01-10T14:30:54","modified_gmt":"2023-01-10T12:30:54","slug":"parlamento-de-siria-envia-37-cartas-a-parlamentos-y-organismos-internacionales-para-denunciar-los-crimenes-turcos","status":"publish","type":"post","link":"https:\/\/archive.sana.sy\/es\/?p=163097","title":{"rendered":"Parlamento de Siria env\u00eda 37 cartas a parlamentos y organismos internacionales para denunciar los cr\u00edmenes turcos"},"content":{"rendered":"<p><strong><span style=\"color: #800000;\">Damasco, SANA<\/span><\/strong><\/p>\n<p>El presidente de la Asamblea del Pueblo (parlamento), Hammoudah Sabbag, envi\u00f3 37 cartas al Secretario General de las Naciones Unidas y a los jefes de las uniones parlamentarias internacionales y las asociaciones parlamentarias regionales y \u00e1rabes, en las que denunci\u00f3 el crimen cometido por el r\u00e9gimen turco y sus mercenarios al cortar el agua potable a m\u00e1s de un mill\u00f3n de ciudadanos en la provincia de Hasakeh.<\/p>\n<p>Sabbag afirm\u00f3 en sus mensajes que en el Parlamento sirio expresa su condena, repudio y denuncia al atroz crimen cometido por el r\u00e9gimen de ocupaci\u00f3n turco al interrumpir desde el 30 del pasado mes de noviembre, el funcionamiento de la planta Alouk que es la principal fuente de agua potable para m\u00e1s de un mill\u00f3n de personas en la ciudad de Hasakeh y las comunidades a su alrededor.<\/p>\n<p>\u201cDesde la ocupaci\u00f3n del r\u00e9gimen turco del municipio de Ras al-Ain, en la que se encuentra la planta Alouk, el agua ha sido cortada 17 veces\u201d, afirm\u00f3 el presidente del Legislativo sirio, y pidi\u00f3 no guardar silencio ante la continuaci\u00f3n de las violaciones sistem\u00e1ticas y graves de los derechos humanos contra la poblaci\u00f3n civil siria por parte de Turqu\u00eda.<\/p>\n<p>Sabbag tach\u00f3 de crimen de guerra al uso del agua por parte del r\u00e9gimen turco como arma de guerra contra los civiles sirios para lograr avances pol\u00edticos y militares sin tener en cuenta las necesidades humanitarias m\u00ednimas de la poblaci\u00f3n de esa regi\u00f3n se considera un crimen de guerra.<\/p>\n<p>\u201cEs una violaci\u00f3n y una agresi\u00f3n flagrante a todas las cartas, acuerdos y normas internacionales, y esas acciones y pr\u00e1cticas inmorales e inhumanas violan los principios y prop\u00f3sitos de las Naciones Unidas, las disposiciones del derecho internacional, el derecho internacional humanitario y las resoluciones pertinentes del Consejo de Seguridad\u201d, agreg\u00f3.<\/p>\n<p>En sus misivas, el presidente del parlamento pidi\u00f3 a Naciones Unidas, a los representantes de los estados miembros de la organizaci\u00f3n, a los jefes de las uniones parlamentarias internacionales y de las asambleas parlamentarias regionales y \u00e1rabes a condenar y denunciar la ocupaci\u00f3n turca de partes de los territorios sirios y su corte intencionado del agua potable a m\u00e1s de un mill\u00f3n de ciudadanos sirios.<\/p>\n<p>fm<\/p>\n","protected":false},"excerpt":{"rendered":"<p>Damasco, SANA El presidente de la Asamblea del Pueblo (parlamento), Hammoudah Sabbag, envi\u00f3 37 cartas al Secretario General de las Naciones Unidas y a los jefes de las uniones parlamentarias internacionales y las asociaciones parlamentarias regionales y \u00e1rabes, en las que denunci\u00f3 el crimen cometido por el r\u00e9gimen turco y sus mercenarios al cortar el &hellip;<\/p>\n","protected":false},"author":34,"featured_media":163098,"comment_status":"closed","ping_status":"closed","sticky":false,"template":"","format":"standard","meta":{"footnotes":""},"categories":[447,477,597,476,467,7541],"tags":[],"class_list":["post-163097","post","type-post","status-publish","format-standard","has-post-thumbnail","","category-local-politica","category-noticias-edulcorantes","category-cinta-de-noticias","category-locales","category-siria-y-el-mundo","category-ultimas-noticias"],"_links":{"self":[{"href":"https:\/\/archive.sana.sy\/es\/index.php?rest_route=\/wp\/v2\/posts\/163097"}],"collection":[{"href":"https:\/\/archive.sana.sy\/es\/index.php?rest_route=\/wp\/v2\/posts"}],"about":[{"href":"https:\/\/archive.sana.sy\/es\/index.php?rest_route=\/wp\/v2\/types\/post"}],"author":[{"embeddable":true,"href":"https:\/\/archive.sana.sy\/es\/index.php?rest_route=\/wp\/v2\/users\/34"}],"replies":[{"embeddable":true,"href":"https:\/\/archive.sana.sy\/es\/index.php?rest_route=%2Fwp%2Fv2%2Fcomments&post=163097"}],"version-history":[{"count":0,"href":"https:\/\/archive.sana.sy\/es\/index.php?rest_route=\/wp\/v2\/posts\/163097\/revisions"}],"wp:featuredmedia":[{"embeddable":true,"href":"https:\/\/archive.sana.sy\/es\/index.php?rest_route=\/wp\/v2\/media\/163098"}],"wp:attachment":[{"href":"https:\/\/archive.sana.sy\/es\/index.php?rest_route=%2Fwp%2Fv2%2Fmedia&parent=163097"}],"wp:term":[{"taxonomy":"category","embeddable":true,"href":"https:\/\/archive.sana.sy\/es\/index.php?rest_route=%2Fwp%2Fv2%2Fcategories&post=163097"},{"taxonomy":"post_tag","embeddable":true,"href":"https:\/\/archive.sana.sy\/es\/index.php?rest_route=%2Fwp%2Fv2%2Ftags&post=163097"}],"curies":[{"name":"wp","href":"https:\/\/api.w.org\/{rel}","templated":true}]}}