{"id":163112,"date":"2020-12-16T06:50:59","date_gmt":"2020-12-16T04:50:59","guid":{"rendered":"http:\/\/107.6.182.27\/es\/?p=163112"},"modified":"2023-01-12T14:42:26","modified_gmt":"2023-01-12T12:42:26","slug":"arrestos-arbitrarios-de-israel-contra-palestinos-en-cisjordania","status":"publish","type":"post","link":"https:\/\/archive.sana.sy\/es\/?p=163112","title":{"rendered":"Arrestos arbitrarios de Israel contra palestinos en Cisjordania"},"content":{"rendered":"<p style=\"text-align: justify;\"><span style=\"color: #800000;\"><strong>Jerusal\u00e9n ocupada, SANA <\/strong><\/span><\/p>\n<p style=\"text-align: justify;\">Las tropas sionistas arrestaron a seis palestinos en diferentes partes de Cisjordania.<\/p>\n<p style=\"text-align: justify;\">Seg\u00fan difundi\u00f3 la agencia palestina WAFA, los soldados del ente sionista allanaron ciudades y pueblos de Hebr\u00f3n, Nablus y Ramallah, donde arrestaron a seis sus residentes.<\/p>\n<p style=\"text-align: justify;\">Las fuerzas israel\u00edes contin\u00faan sus pr\u00e1cticas agresivas contra los palestinos donde irrumpen en sus aldeas y lanzan campa\u00f1as diarias de arrestos arbitrarios destinadas a desplazarlos, apoderarse de sus tierras y judaizarlas.<\/p>\n<p style=\"text-align: justify;\"><span style=\"color: #0000ff;\"><strong>ed\/fm<\/strong><\/span><\/p>\n","protected":false},"excerpt":{"rendered":"<p>Jerusal\u00e9n ocupada, SANA Las tropas sionistas arrestaron a seis palestinos en diferentes partes de Cisjordania. Seg\u00fan difundi\u00f3 la agencia palestina WAFA, los soldados del ente sionista allanaron ciudades y pueblos de Hebr\u00f3n, Nablus y Ramallah, donde arrestaron a seis sus residentes. Las fuerzas israel\u00edes contin\u00faan sus pr\u00e1cticas agresivas contra los palestinos donde irrumpen en sus &hellip;<\/p>\n","protected":false},"author":32,"featured_media":163113,"comment_status":"closed","ping_status":"closed","sticky":false,"template":"","format":"standard","meta":{"footnotes":""},"categories":[597,456,7541],"tags":[],"class_list":["post-163112","post","type-post","status-publish","format-standard","has-post-thumbnail","","category-cinta-de-noticias","category-arabe-internacional-politica","category-ultimas-noticias"],"_links":{"self":[{"href":"https:\/\/archive.sana.sy\/es\/index.php?rest_route=\/wp\/v2\/posts\/163112"}],"collection":[{"href":"https:\/\/archive.sana.sy\/es\/index.php?rest_route=\/wp\/v2\/posts"}],"about":[{"href":"https:\/\/archive.sana.sy\/es\/index.php?rest_route=\/wp\/v2\/types\/post"}],"author":[{"embeddable":true,"href":"https:\/\/archive.sana.sy\/es\/index.php?rest_route=\/wp\/v2\/users\/32"}],"replies":[{"embeddable":true,"href":"https:\/\/archive.sana.sy\/es\/index.php?rest_route=%2Fwp%2Fv2%2Fcomments&post=163112"}],"version-history":[{"count":0,"href":"https:\/\/archive.sana.sy\/es\/index.php?rest_route=\/wp\/v2\/posts\/163112\/revisions"}],"wp:featuredmedia":[{"embeddable":true,"href":"https:\/\/archive.sana.sy\/es\/index.php?rest_route=\/wp\/v2\/media\/163113"}],"wp:attachment":[{"href":"https:\/\/archive.sana.sy\/es\/index.php?rest_route=%2Fwp%2Fv2%2Fmedia&parent=163112"}],"wp:term":[{"taxonomy":"category","embeddable":true,"href":"https:\/\/archive.sana.sy\/es\/index.php?rest_route=%2Fwp%2Fv2%2Fcategories&post=163112"},{"taxonomy":"post_tag","embeddable":true,"href":"https:\/\/archive.sana.sy\/es\/index.php?rest_route=%2Fwp%2Fv2%2Ftags&post=163112"}],"curies":[{"name":"wp","href":"https:\/\/api.w.org\/{rel}","templated":true}]}}