{"id":163162,"date":"2020-12-16T16:58:41","date_gmt":"2020-12-16T14:58:41","guid":{"rendered":"http:\/\/107.6.182.27\/es\/?p=163162"},"modified":"2023-01-12T14:42:26","modified_gmt":"2023-01-12T12:42:26","slug":"bajo-presion-de-manifestantes-embajadora-de-eeuu-en-el-libano-cancela-una-prevista-visita-a-sidon","status":"publish","type":"post","link":"https:\/\/archive.sana.sy\/es\/?p=163162","title":{"rendered":"Bajo presi\u00f3n de manifestantes, Embajadora de EEUU en el L\u00edbano cancela una visita a Sid\u00f3n"},"content":{"rendered":"<p style=\"text-align: justify\"><span style=\"color: #800000\">Beirut, SANA<\/span><\/p>\n<p style=\"text-align: justify\">La embajadora de Estados Unidos en el L\u00edbano, Dorothy Shea, cancel\u00f3 una visita prevista a la municipalidad de Sid\u00f3n (Saida), bajo la presi\u00f3n de manifestantes.<\/p>\n<p style=\"text-align: justify\">En este contexto, el Partido Democr\u00e1tico Popular de Sid\u00f3n, junto con organizaciones juveniles y fuerzas nacionales, realizaron esta ma\u00f1ana un acto de protesta frente a la sede de la municipalidad de Sid\u00f3n, para repudiar la visita de la embajadora norteamericana.<\/p>\n<p style=\"text-align: justify\">Los manifestantes denunciaron las pol\u00edticas agresivas de EEUU hacia el L\u00edbano y la regi\u00f3n, as\u00ed como su apoyo incondicional a la entidad del ocupante israel\u00ed.<\/p>\n<p style=\"text-align: justify\"><span style=\"color: #0000ff\"><strong><em>la<\/em><\/strong><\/span><\/p>\n","protected":false},"excerpt":{"rendered":"<p>Beirut, SANA La embajadora de Estados Unidos en el L\u00edbano, Dorothy Shea, cancel\u00f3 una visita prevista a la municipalidad de Sid\u00f3n (Saida), bajo la presi\u00f3n de manifestantes. En este contexto, el Partido Democr\u00e1tico Popular de Sid\u00f3n, junto con organizaciones juveniles y fuerzas nacionales, realizaron esta ma\u00f1ana un acto de protesta frente a la sede de &hellip;<\/p>\n","protected":false},"author":24,"featured_media":163163,"comment_status":"closed","ping_status":"closed","sticky":false,"template":"","format":"standard","meta":{"footnotes":""},"categories":[456],"tags":[],"class_list":["post-163162","post","type-post","status-publish","format-standard","has-post-thumbnail","","category-arabe-internacional-politica"],"_links":{"self":[{"href":"https:\/\/archive.sana.sy\/es\/index.php?rest_route=\/wp\/v2\/posts\/163162"}],"collection":[{"href":"https:\/\/archive.sana.sy\/es\/index.php?rest_route=\/wp\/v2\/posts"}],"about":[{"href":"https:\/\/archive.sana.sy\/es\/index.php?rest_route=\/wp\/v2\/types\/post"}],"author":[{"embeddable":true,"href":"https:\/\/archive.sana.sy\/es\/index.php?rest_route=\/wp\/v2\/users\/24"}],"replies":[{"embeddable":true,"href":"https:\/\/archive.sana.sy\/es\/index.php?rest_route=%2Fwp%2Fv2%2Fcomments&post=163162"}],"version-history":[{"count":0,"href":"https:\/\/archive.sana.sy\/es\/index.php?rest_route=\/wp\/v2\/posts\/163162\/revisions"}],"wp:featuredmedia":[{"embeddable":true,"href":"https:\/\/archive.sana.sy\/es\/index.php?rest_route=\/wp\/v2\/media\/163163"}],"wp:attachment":[{"href":"https:\/\/archive.sana.sy\/es\/index.php?rest_route=%2Fwp%2Fv2%2Fmedia&parent=163162"}],"wp:term":[{"taxonomy":"category","embeddable":true,"href":"https:\/\/archive.sana.sy\/es\/index.php?rest_route=%2Fwp%2Fv2%2Fcategories&post=163162"},{"taxonomy":"post_tag","embeddable":true,"href":"https:\/\/archive.sana.sy\/es\/index.php?rest_route=%2Fwp%2Fv2%2Ftags&post=163162"}],"curies":[{"name":"wp","href":"https:\/\/api.w.org\/{rel}","templated":true}]}}